{"id":52824,"date":"2026-04-27T18:42:00","date_gmt":"2026-04-27T23:42:00","guid":{"rendered":"https:\/\/redinfor.com.pe\/portal\/?p=52824"},"modified":"2026-04-27T18:42:02","modified_gmt":"2026-04-27T23:42:02","slug":"ecuador-requerimiento-de-asistencia-tecnica-a-la-implementacion-de-las-actividades-con-organizaciones-indigenas-en-las-provincias-de-zamora-chinchipe-y-morona-santiago-en-el-marco-del-proyecto-blf-a","status":"publish","type":"post","link":"https:\/\/redinfor.com.pe\/portal\/2026\/04\/27\/ecuador-requerimiento-de-asistencia-tecnica-a-la-implementacion-de-las-actividades-con-organizaciones-indigenas-en-las-provincias-de-zamora-chinchipe-y-morona-santiago-en-el-marco-del-proyecto-blf-a\/","title":{"rendered":"[ECUADOR] REQUERIMIENTO DE ASISTENCIA T\u00c9CNICA A LA IMPLEMENTACI\u00d3N DE LAS ACTIVIDADES CON ORGANIZACIONES IND\u00cdGENAS EN LAS PROVINCIAS DE ZAMORA CHINCHIPE Y MORONA SANTIAGO EN EL MARCO DEL PROYECTO BLF ANDES AMAZ\u00d3NICO."},"content":{"rendered":"\n<p class=\"has-text-align-center has-medium-font-size\"><strong>[ECUADOR] REQUERIMIENTO DE ASISTENCIA T\u00c9CNICA A LA IMPLEMENTACI\u00d3N DE LAS ACTIVIDADES CON ORGANIZACIONES IND\u00cdGENAS EN LAS PROVINCIAS DE ZAMORA CHINCHIPE Y MORONA SANTIAGO EN EL MARCO DEL PROYECTO BLF ANDES AMAZ\u00d3NICO.<\/strong><\/p>\n\n\n\n<p><strong>OBJETIVOS DEL SERVICIO<\/strong><br>Asesorar\u00a0al equipo de especialistas temporales de AIDESEP para la implementaci\u00f3n de las actividades de asistencia t\u00e9cnica a las organizaciones ind\u00edgenas, con especial \u00e9nfasis en lo relacionado a las actividades productivas de la agenda de las mujeres ind\u00edgenas en CONFENIAE, FEPNASH-ZCH, NAE, NASHE y PSHA .<\/p>\n\n\n\n<p><strong>ALCANCE DEL SERVICIO<\/strong><br>El servicio implica:<\/p>\n\n\n\n<ol start=\"1\" style=\"list-style-type:lower-alpha\" class=\"wp-block-list\">\n<li>Asesorar al equipo de especialistas temporales de AIDESEP en la aplicaci\u00f3n de los instrumentos de gesti\u00f3n social del proyecto, con especial \u00e9nfasis en el Mecanismo de Atenci\u00f3n de Quejas y Reclamos (MAQR) en Ecuador, as\u00ed como en el cumplimiento de los est\u00e1ndares de gesti\u00f3n del proyecto BLF Andes Amaz\u00f3nico.<\/li>\n\n\n\n<li>\u00a0Asesorar a AIDESEP y las organizaciones ind\u00edgenas en el desarrollo de las actividades de su plan de trabajo en el presente a\u00f1o fiscal en Ecuador, as\u00ed como en la sistematizaci\u00f3n de los resultados, garantizando un enfoque intercultural y de derechos.<\/li>\n\n\n\n<li>Retroalimentar la identificaci\u00f3n y el establecimiento de alianzas estrat\u00e9gicas y\/o la implementaci\u00f3n de otras acciones clave que contribuyan a optimizar la asistencia t\u00e9cnica del proyecto, as\u00ed como profundizar el impacto de sus cuatro l\u00edneas estrat\u00e9gicas, seg\u00fan corresponda.<\/li>\n\n\n\n<li>Brindar asesoramiento t\u00e9cnico a las Organizaciones Ind\u00edgenas para el fortalecimiento de su capacidad institucional y su experiencia en la gesti\u00f3n de proyectos y apalancamiento financiero, en coordinaci\u00f3n con el \u00e1rea de <em>Business Development<\/em> de Practical Action en Ecuador.<\/li>\n\n\n\n<li>Proporcionar asistencia t\u00e9cnica y coordinar de manera permanente con las dirigencias y a las \u00e1reas de Mujer Ind\u00edgena de las organizaciones, con el fin de promover la implementaci\u00f3n del Mandato de la Mujer Originaria Amaz\u00f3nica de la CONFENIAE, la Agenda de Mujer de la FEPNASH-ZCH, PSHA y NASHE, as\u00ed como el Plan Estrat\u00e9gico del Arak de la NAE, con especial \u00e9nfasis en las actividades productivas.<\/li>\n\n\n\n<li>Trabajar de manera articulada con la COP y DCOP y AIDESEP en el seguimiento, la articulaci\u00f3n y la coordinaci\u00f3n de la implementaci\u00f3n de las actividades de fortalecimiento de las Organizaciones Ind\u00edgenas en Ecuador.<\/li>\n\n\n\n<li>Asesorar la implementaci\u00f3n operativa y t\u00e9cnica de las actividades del proyecto, de acuerdo con la planificaci\u00f3n establecida y en coordinaci\u00f3n con los equipos responsables.<\/li>\n\n\n\n<li>Sistematizar informaci\u00f3n para el reporte de indicadores de MEL en todo lo relativo a organizaciones ind\u00edgenas en Ecuador.<\/li>\n\n\n\n<li>Asesorar y articular a la unidad de comunicaciones de Practical Action, AIDESEP y de otras organizaciones ind\u00edgenas para la visibilizaci\u00f3n de las actividades desarrolladas.<\/li>\n\n\n\n<li>Asesorar el desarrollo del espacio de coordinaci\u00f3n con los pueblos ind\u00edgenas en Ecuador, de acuerdo con la frecuencia establecida.<\/li>\n\n\n\n<li>Sistematizar el avance del equipo de especialistas temporales de AIDESEP, de acuerdo con sus planes de trabajo, as\u00ed como brindar retroalimentaci\u00f3n para la mejora continua de la intervenci\u00f3n de AIDESEP y Practical Action.<\/li>\n<\/ol>\n\n\n\n<p class=\"has-text-align-center\"><a href=\"https:\/\/redinfor.com.pe\/portal\/2019\/04\/24\/monitoreo-y-evaluacion-de-programas-y-proyectos-sociales\/\" target=\"_blank\" rel=\"noreferrer noopener\"><img decoding=\"async\" src=\" https:\/\/www.redinfor.com.pe\/Avisos\/MEPPS\/MEPPS_advisor.jpg \"><\/a><\/p>\n\n\n\n<p><strong>REQUERIMIENTOS SOBRE EL PROVEEDOR\/A DEL SERVICIO<\/strong><\/p>\n\n\n\n<ul class=\"wp-block-list\">\n<li>Profesional en ciencias ambientales, biolog\u00eda, Administraci\u00f3n, Geograf\u00eda, derecho, psicolog\u00eda, ciencias sociales o carreras afines.<\/li>\n\n\n\n<li>Experiencia general superior a 8 a\u00f1os.<\/li>\n\n\n\n<li>Experiencia previa de trabajo con organizaciones ind\u00edgenas amaz\u00f3nicas superior a 3 a\u00f1os.<\/li>\n\n\n\n<li>Se valorar\u00e1 experiencia destacada brindando asistencia t\u00e9cnica a organizaciones o instancias de gesti\u00f3n lideradas o que involucran a mujeres ind\u00edgenas amaz\u00f3nicas.<\/li>\n\n\n\n<li>Se requiere un\/a profesional con habilidades de comunicaci\u00f3n oral y escrita, as\u00ed como de interrelaci\u00f3n a diferentes niveles.<\/li>\n\n\n\n<li>Competencias\n<ul class=\"wp-block-list\">\n<li>Integridad.<\/li>\n\n\n\n<li>Orientaci\u00f3n a resultados.<\/li>\n\n\n\n<li>Manejo efectivo del tiempo y los recursos.<\/li>\n\n\n\n<li>Aptitud para el trabajo en equipos interculturales.<\/li>\n\n\n\n<li>Alta capacidad de adaptaci\u00f3n para el trabajo con equipos multidisciplinarios y en realidades diversas.<\/li>\n\n\n\n<li>Disponibilidad para viajar al interior de ambos pa\u00edses, cuando resulte necesario.<\/li>\n<\/ul>\n<\/li>\n<\/ul>\n\n\n\n<p class=\"has-text-align-center\" style=\"font-size:30px\"><strong><a href=\"https:\/\/drive.google.com\/file\/d\/1wIv5IPBCg781QcvA0-lZojERcQnDKWZW\/view?usp=sharing\" target=\"_blank\" rel=\"noreferrer noopener\">VER T\u00c9RMINOS DE REFERENCIA<\/a><\/strong><\/p>\n\n\n\n<p><strong>POSTULACI\u00d3N<\/strong><\/p>\n\n\n\n<ul class=\"wp-block-list\">\n<li><strong>Fecha m\u00e1xima de postulaci\u00f3n:<\/strong> 05\/05\/2026<\/li>\n\n\n\n<li><strong>Correo de postulaci\u00f3n<\/strong>: <a href=\"mailto:postulantes-BLF@practicalaction.org\">postulantes-BLF@practicalaction.org<\/a><\/li>\n<\/ul>\n\n\n\n<p>Interesados adjuntar al correo de postulaci\u00f3n:<\/p>\n\n\n\n<ul class=\"wp-block-list\">\n<li>Curr\u00edculum Vitae<\/li>\n\n\n\n<li>Propuesta econ\u00f3mica<\/li>\n<\/ul>\n\n\n\n<p><strong>Lugar de trabajo: <\/strong>Puyo o Macas, Ecuador.<\/p>\n\n\n\n<p class=\"has-text-align-center\"><a href=\"https:\/\/redinfor.com.pe\/portal\/2019\/04\/24\/diseno-metodologico-de-lineas-de-base\/\" target=\"_blank\" rel=\"noreferrer noopener\"><img decoding=\"async\" src=\" https:\/\/redinfor.com.pe\/Avisos\/DMLB\/DMLB_advisor_large.jpg \"><\/a><\/p>\n","protected":false},"excerpt":{"rendered":"<p>[ECUADOR] REQUERIMIENTO DE ASISTENCIA T\u00c9CNICA A LA IMPLEMENTACI\u00d3N DE LAS ACTIVIDADES CON ORGANIZACIONES IND\u00cdGENAS EN LAS PROVINCIAS DE ZAMORA CHINCHIPE Y MORONA SANTIAGO EN EL MARCO DEL PROYECTO BLF ANDES&hellip; <\/p>\n","protected":false},"author":1,"featured_media":2715,"comment_status":"closed","ping_status":"closed","sticky":false,"template":"","format":"standard","meta":{"footnotes":""},"categories":[406],"tags":[3555,2870,538,223,959,621,474,146,116,494,1669,825,799,59,165,1462,575,141,67,436,63,563],"class_list":["post-52824","post","type-post","status-publish","format-standard","has-post-thumbnail","hentry","category-convoca_pub","tag-aidesep","tag-amazonicos","tag-ambientales","tag-andes","tag-asesoria","tag-asistencia","tag-biologia","tag-ciencias","tag-ciencias-sociales","tag-derecho","tag-ecuador","tag-geografia","tag-implementacion","tag-indigenas","tag-mujeres","tag-organizaciones","tag-practical-action","tag-programas","tag-proyectos","tag-psicologia","tag-sistematizacion","tag-tecnica"],"_links":{"self":[{"href":"https:\/\/redinfor.com.pe\/portal\/wp-json\/wp\/v2\/posts\/52824","targetHints":{"allow":["GET"]}}],"collection":[{"href":"https:\/\/redinfor.com.pe\/portal\/wp-json\/wp\/v2\/posts"}],"about":[{"href":"https:\/\/redinfor.com.pe\/portal\/wp-json\/wp\/v2\/types\/post"}],"author":[{"embeddable":true,"href":"https:\/\/redinfor.com.pe\/portal\/wp-json\/wp\/v2\/users\/1"}],"replies":[{"embeddable":true,"href":"https:\/\/redinfor.com.pe\/portal\/wp-json\/wp\/v2\/comments?post=52824"}],"version-history":[{"count":1,"href":"https:\/\/redinfor.com.pe\/portal\/wp-json\/wp\/v2\/posts\/52824\/revisions"}],"predecessor-version":[{"id":52825,"href":"https:\/\/redinfor.com.pe\/portal\/wp-json\/wp\/v2\/posts\/52824\/revisions\/52825"}],"wp:featuredmedia":[{"embeddable":true,"href":"https:\/\/redinfor.com.pe\/portal\/wp-json\/wp\/v2\/media\/2715"}],"wp:attachment":[{"href":"https:\/\/redinfor.com.pe\/portal\/wp-json\/wp\/v2\/media?parent=52824"}],"wp:term":[{"taxonomy":"category","embeddable":true,"href":"https:\/\/redinfor.com.pe\/portal\/wp-json\/wp\/v2\/categories?post=52824"},{"taxonomy":"post_tag","embeddable":true,"href":"https:\/\/redinfor.com.pe\/portal\/wp-json\/wp\/v2\/tags?post=52824"}],"curies":[{"name":"wp","href":"https:\/\/api.w.org\/{rel}","templated":true}]}}