{"id":52828,"date":"2026-04-28T12:49:08","date_gmt":"2026-04-28T17:49:08","guid":{"rendered":"https:\/\/redinfor.com.pe\/portal\/?p=52828"},"modified":"2026-04-28T12:49:10","modified_gmt":"2026-04-28T17:49:10","slug":"convocatoria-de-practicante-profesional-oficina-de-gestion-para-proyectos-del-cluster-ambiente-clima-ciudades","status":"publish","type":"post","link":"https:\/\/redinfor.com.pe\/portal\/2026\/04\/28\/convocatoria-de-practicante-profesional-oficina-de-gestion-para-proyectos-del-cluster-ambiente-clima-ciudades\/","title":{"rendered":"CONVOCATORIA DE PRACTICANTE PROFESIONAL \u2013 OFICINA DE GESTI\u00d3N PARA PROYECTOS DEL CL\u00daSTER AMBIENTE, CLIMA, CIUDADES"},"content":{"rendered":"\n<p><strong>Ubicaci\u00f3n del puesto:<\/strong> Lima, Per\u00fa&nbsp;&nbsp;<\/p>\n\n\n\n<p><strong>Informaci\u00f3n General:\u00a0\u00a0<\/strong><br>La cooperaci\u00f3n alemana para el desarrollo, implementada por la GIZ (Deutsche Gesellschaft f\u00fcr Interna tionale Zusammenarbeit (GIZ) GmbH), asiste al Gobierno de la Rep\u00fablica Federal de Alemania para al canzar sus objetivos en los \u00e1mbitos de la cooperaci\u00f3n internacional para el desarrollo sostenible. En el\u00a0 marco de los desaf\u00edos globales, la cooperaci\u00f3n internacional se centra en el cambio socio ecol\u00f3gico, las\u00a0 energ\u00edas renovables, la protecci\u00f3n del clima y las medidas de adaptaci\u00f3n, as\u00ed como la conservaci\u00f3n de\u00a0 la biodiversidad.\u00a0\u00a0<\/p>\n\n\n\n<p>La GIZ est\u00e1 presente en alrededor de 120 pa\u00edses. El objetivo de nuestro trabajo es fortalecer las condi ciones de vida de la poblaci\u00f3n de los pa\u00edses contraparte y brindar de esta manera, un aporte para el&nbsp; desarrollo global sostenible. GIZ es un socio de cooperaci\u00f3n para la pol\u00edtica, los negocios, la ciencia y la&nbsp; sociedad civil. A trav\u00e9s de su asesor\u00eda t\u00e9cnica a las contrapartes locales, la GIZ contribuye a implementar&nbsp; los acuerdos adoptados en los siguientes temas: Ambiente, Ciudades, Energ\u00edas Renovables, Gobernabi lidad y Cooperaci\u00f3n Triangular.&nbsp;&nbsp;<\/p>\n\n\n\n<p>En el 2022 se estableci\u00f3 la Agencia ConoSur, con su sede principal en Lima &#8211; Per\u00fa, integrando a los&nbsp; pa\u00edses de Argentina, Chile y Per\u00fa, con el objetivo de fortalecer la eficiencia, calidad de servicios y de&nbsp; implementaci\u00f3n, as\u00ed como una perspectiva regional.&nbsp;&nbsp;<\/p>\n\n\n\n<p>La GIZ proh\u00edbe toda discriminaci\u00f3n (edad, sexo, religi\u00f3n, etnia, color de piel, discapacidades f\u00edsicas), por&nbsp; lo que todas las candidaturas sin excepci\u00f3n son bienvenidas.&nbsp;&nbsp;<\/p>\n\n\n\n<p><strong>Informaci\u00f3n sobre el proyecto\u00a0\u00a0<\/strong><br>Las ciudades y el medio ambiente en Per\u00fa enfrentan retos significativos frente al cambio clim\u00e1tico, la contaminaci\u00f3n y el consumo de recursos. En este contexto, la cooperaci\u00f3n alemana para el desarrollo,\u00a0 implementada por la GIZ, apoya a sus socios peruanos para asegurar el desarrollo sostenible, la\u00a0 mitigaci\u00f3n y la adaptaci\u00f3n. Ante ello, la GIZ implementa actualmente diversos proyectos de cooperaci\u00f3n t\u00e9cnica bajo el paraguas del Cl\u00faster Ambiente, Clima, Ciudades.\u00a0\u00a0<\/p>\n\n\n\n<p>El cl\u00faster cuenta con la Oficina de Gesti\u00f3n para los Proyectos (OGP) como unidad de car\u00e1cter t\u00e9cnico y transversal que brinda asesor\u00eda en temas como la gesti\u00f3n del portafolio de proyectos, la implementaci\u00f3n&nbsp; de sistemas de monitoreo y evaluaci\u00f3n, el desarrollo organizacional de los equipos, la mejora de la&nbsp; comunicaci\u00f3n y la gesti\u00f3n del conocimiento.&nbsp;&nbsp;<\/p>\n\n\n\n<p>Actualmente, la OGP se encuentra impulsando estrategias integrales de Gesti\u00f3n del Conocimiento. El&nbsp; objetivo de estas iniciativas es salvaguardar la memoria institucional de los proyectos, transformando la&nbsp; informaci\u00f3n y las experiencias generadas en activos de conocimiento estructurados y f\u00e1cilmente&nbsp; recuperables. Para lograrlo, se espera aplicar diversas metodolog\u00edas de ciencias de la informaci\u00f3n y&nbsp; herramientas tecnol\u00f3gicas que permiten optimizar los procesos de organizaci\u00f3n, preservaci\u00f3n y difusi\u00f3n&nbsp;del conocimiento a lo largo del ciclo de vida de los proyectos.&nbsp;&nbsp;<\/p>\n\n\n\n<p class=\"has-text-align-center\"><a href=\"https:\/\/redinfor.com.pe\/portal\/2019\/02\/20\/diseno-y-formulacion-de-proyectos-sociales\/\" target=\"_blank\" rel=\"noreferrer noopener\"><img decoding=\"async\" src=\"https:\/\/www.redinfor.com.pe\/Avisos\/DFPS\/DFPS_advisor.jpg\"><\/a><\/p>\n\n\n\n<p><strong>Funciones&nbsp;&nbsp;<\/strong><\/p>\n\n\n\n<ul class=\"wp-block-list\">\n<li>Apoyar en el diagn\u00f3stico y revisi\u00f3n de la estructura de la informaci\u00f3n y repositorios documentales\u00a0 de los proyectos del cl\u00faster.\u00a0\u00a0<\/li>\n\n\n\n<li>Colaborar en los procesos de curadur\u00eda de la informaci\u00f3n, apoyando en la identificaci\u00f3n y\u00a0 selecci\u00f3n de activos de conocimiento de alto valor frente a documentos de trabajo transitorios.\u00a0<\/li>\n\n\n\n<li>Apoyar en la catalogaci\u00f3n, estructuraci\u00f3n e indexaci\u00f3n de documentos, aplicando metadatos y\u00a0 criterios taxon\u00f3micos para optimizar su futura b\u00fasqueda y recuperaci\u00f3n.\u00a0\u00a0<\/li>\n\n\n\n<li>Participar en la organizaci\u00f3n y migraci\u00f3n de la informaci\u00f3n hacia las plataformas institucionales\u00a0 o repositorios centrales, asegurando la accesibilidad y ordenamiento de los archivos.\u00a0<\/li>\n\n\n\n<li>Contribuir en la revisi\u00f3n y aseguramiento de la calidad de los repositorios digitales, verificando la integridad de los datos y el correcto enlazamiento de la informaci\u00f3n.\u00a0\u00a0<\/li>\n\n\n\n<li>Proponer medidas para la incorporaci\u00f3n de buenas pr\u00e1cticas en los proyectos para la gesti\u00f3n\u00a0 documental, as\u00ed como medidas de capacitaci\u00f3n para el empleo del repositorio digital\u00a0<\/li>\n\n\n\n<li>Brindar soporte en otras actividades transversales de gesti\u00f3n documental y del conocimiento que\u00a0 requiera la OGP del Cl\u00faster.\u00a0\u00a0<\/li>\n<\/ul>\n\n\n\n<p><strong>Perfil del\/la Practicante:\u00a0\u00a0<\/strong><br><strong>Calificaci\u00f3n\u00a0\u00a0<\/strong><br>Egresado\/a universitario\/a de Bibliotecolog\u00eda, Ciencias de la Informaci\u00f3n, Gesti\u00f3n Documental,\u00a0 Archiv\u00edstica o carreras afines.\u00a0<\/p>\n\n\n\n<p><strong>Experiencia pre-profesional\u00a0\u00a0<\/strong><br><strong>Indispensable\u00a0\u00a0<\/strong><\/p>\n\n\n\n<ul class=\"wp-block-list\">\n<li>Como m\u00ednimo 3 a 6 meses de experiencia en gesti\u00f3n documental, catalogaci\u00f3n, archivo o\u00a0 bibliotecas.\u00a0\u00a0<\/li>\n\n\n\n<li>Conocimiento intermedio\/avanzado del paquete Office (Word, PowerPoint y, especialmente,\u00a0 Excel para el manejo de matrices de indexaci\u00f3n).\u00a0\u00a0<\/li>\n\n\n\n<li>Experiencia o conocimiento acad\u00e9mico en la creaci\u00f3n de metadatos, estructuraci\u00f3n de\u00a0 informaci\u00f3n y organizaci\u00f3n de archivos.\u00a0\u00a0<\/li>\n<\/ul>\n\n\n\n<p><strong>Deseable&nbsp;&nbsp;<\/strong><\/p>\n\n\n\n<ul class=\"wp-block-list\">\n<li>Experiencia en el uso de plataformas de almacenamiento y trabajo colaborativo en la nube\u00a0 (Microsoft SharePoint, MS Teams, OneDrive).\u00a0\u00a0<\/li>\n\n\n\n<li>Conocimiento en la creaci\u00f3n de taxonom\u00edas o clasificaci\u00f3n de repositorios digitales.\u00a0<\/li>\n\n\n\n<li>Experiencia previa apoyando en procesos de auditor\u00eda de calidad de datos o digitalizaci\u00f3n de\u00a0 archivos.\u00a0\u00a0<\/li>\n<\/ul>\n\n\n\n<p><strong>Otros conocimientos \/ competencias&nbsp;&nbsp;<\/strong><\/p>\n\n\n\n<ul class=\"wp-block-list\">\n<li>Excelente orientaci\u00f3n al servicio.\u00a0\u00a0<\/li>\n\n\n\n<li>Capacidad de trabajo en equipo.\u00a0\u00a0<\/li>\n\n\n\n<li>Responsabilidad y compromiso.\u00a0\u00a0<\/li>\n\n\n\n<li>Actitud proactiva y din\u00e1mica.\u00a0\u00a0<\/li>\n\n\n\n<li>Muy buena organizaci\u00f3n del trabajo y gesti\u00f3n del tiempo.\u00a0\u00a0<\/li>\n\n\n\n<li>Competencia intercultural y actitud respetuosa hacia todas las personas.\u00a0\u00a0<\/li>\n<\/ul>\n\n\n\n<p><strong>Nuestra Oferta&nbsp;&nbsp;<\/strong><\/p>\n\n\n\n<ul class=\"wp-block-list\">\n<li>Convenio de pr\u00e1cticas por 6 meses.\u00a0\u00a0<\/li>\n\n\n\n<li>Seguro FOLA con R\u00edmac Seguros.\u00a0<\/li>\n<\/ul>\n\n\n\n<p><strong>Contacto:\u00a0\u00a0<\/strong><br>Por favor enviar sus postulaciones (CV y carta de motivaci\u00f3n en formato PDF) indicando en la referencia\u00a0 el <strong>JOB-ID 022\/2026 a la direcci\u00f3n: <a href=\"mailto:hr-conosur@giz.de\">hr-conosur@giz.de<\/a>. Se tomar\u00e1n en cuenta todas postulaciones que\u00a0 lleguen hasta el 01 de mayo de 2026.\u00a0<\/strong><\/p>\n\n\n\n<p><strong>Per\u00edodo de convocatoria: del 27 de abril al 01 de mayo de 2026\u00a0\u00a0<\/strong><\/p>\n\n\n\n<p class=\"has-text-align-center\"><a href=\"https:\/\/redinfor.com.pe\/portal\/2019\/04\/24\/diseno-metodologico-de-lineas-de-base\/\" target=\"_blank\" rel=\"noreferrer noopener\"><img decoding=\"async\" src=\" https:\/\/redinfor.com.pe\/Avisos\/DMLB\/DMLB_advisor_large.jpg \"><\/a><\/p>\n\n\n\n<p><\/p>\n","protected":false},"excerpt":{"rendered":"<p>Ubicaci\u00f3n del puesto: Lima, Per\u00fa&nbsp;&nbsp; Informaci\u00f3n General:\u00a0\u00a0La cooperaci\u00f3n alemana para el desarrollo, implementada por la GIZ (Deutsche Gesellschaft f\u00fcr Interna tionale Zusammenarbeit (GIZ) GmbH), asiste al Gobierno de la Rep\u00fablica&hellip; <\/p>\n","protected":false},"author":3,"featured_media":22197,"comment_status":"closed","ping_status":"closed","sticky":false,"template":"","format":"standard","meta":{"footnotes":""},"categories":[406],"tags":[139,455,4275,146,437,90,66,53,323,456,425,141,67],"class_list":["post-52828","post","type-post","status-publish","format-standard","has-post-thumbnail","hentry","category-convoca_pub","tag-administracion","tag-ambiental","tag-biblioteca","tag-ciencias","tag-comunicacion","tag-desarrollo","tag-evaluacion","tag-genero","tag-gestion","tag-ingenieria","tag-ingeniero","tag-programas","tag-proyectos"],"_links":{"self":[{"href":"https:\/\/redinfor.com.pe\/portal\/wp-json\/wp\/v2\/posts\/52828","targetHints":{"allow":["GET"]}}],"collection":[{"href":"https:\/\/redinfor.com.pe\/portal\/wp-json\/wp\/v2\/posts"}],"about":[{"href":"https:\/\/redinfor.com.pe\/portal\/wp-json\/wp\/v2\/types\/post"}],"author":[{"embeddable":true,"href":"https:\/\/redinfor.com.pe\/portal\/wp-json\/wp\/v2\/users\/3"}],"replies":[{"embeddable":true,"href":"https:\/\/redinfor.com.pe\/portal\/wp-json\/wp\/v2\/comments?post=52828"}],"version-history":[{"count":1,"href":"https:\/\/redinfor.com.pe\/portal\/wp-json\/wp\/v2\/posts\/52828\/revisions"}],"predecessor-version":[{"id":52829,"href":"https:\/\/redinfor.com.pe\/portal\/wp-json\/wp\/v2\/posts\/52828\/revisions\/52829"}],"wp:featuredmedia":[{"embeddable":true,"href":"https:\/\/redinfor.com.pe\/portal\/wp-json\/wp\/v2\/media\/22197"}],"wp:attachment":[{"href":"https:\/\/redinfor.com.pe\/portal\/wp-json\/wp\/v2\/media?parent=52828"}],"wp:term":[{"taxonomy":"category","embeddable":true,"href":"https:\/\/redinfor.com.pe\/portal\/wp-json\/wp\/v2\/categories?post=52828"},{"taxonomy":"post_tag","embeddable":true,"href":"https:\/\/redinfor.com.pe\/portal\/wp-json\/wp\/v2\/tags?post=52828"}],"curies":[{"name":"wp","href":"https:\/\/api.w.org\/{rel}","templated":true}]}}