{"id":52830,"date":"2026-04-28T12:54:38","date_gmt":"2026-04-28T17:54:38","guid":{"rendered":"https:\/\/redinfor.com.pe\/portal\/?p=52830"},"modified":"2026-04-28T12:54:40","modified_gmt":"2026-04-28T17:54:40","slug":"consultoria-de-profesional-junior-para-acompanar-y-monitorear-el-programa-comunidades-saludables-de-la-linea-de-bienestar-y-desarrollo-de-capacidades-periodo-mayo-a-diciembre-de-2026","status":"publish","type":"post","link":"https:\/\/redinfor.com.pe\/portal\/2026\/04\/28\/consultoria-de-profesional-junior-para-acompanar-y-monitorear-el-programa-comunidades-saludables-de-la-linea-de-bienestar-y-desarrollo-de-capacidades-periodo-mayo-a-diciembre-de-2026\/","title":{"rendered":"CONSULTOR\u00cdA DE PROFESIONAL JUNIOR PARA ACOMPA\u00d1AR Y MONITOREAR EL PROGRAMA COMUNIDADES SALUDABLES DE LA L\u00cdNEA DE BIENESTAR Y DESARROLLO DE CAPACIDADES, PERIODO MAYO A DICIEMBRE DE 2026."},"content":{"rendered":"\n<p><strong>Objetivo general\u00a0<\/strong><br>Lograr un adecuado acompa\u00f1amiento y monitoreo del Programa Comunidades Saludables\u00a0 de la Asociaci\u00f3n UNACEM que se implementan en la L\u00ednea de Bienestar y Desarrollo de\u00a0 Capacidades en Lima Metropolitana, durante el periodo de mayo a diciembre 2026.\u00a0<\/p>\n\n\n\n<p><strong>PERFIL DEL\/A CONSULTOR\/A\u00a0<\/strong><br><strong>Formaci\u00f3n:<\/strong> Bachiller en Enfermer\u00eda o de carreras de salud.\u00a0<br><strong>Experiencia:<\/strong> 02 a\u00f1os de experiencia general m\u00ednima y 01 a\u00f1o de experiencia espec\u00edfica\u00a0 m\u00ednima en el monitoreo y\/o coordinaci\u00f3n de proyectos de salud comunitarios.\u00a0\u00a0<br><strong>Experiencia deseable:<\/strong> Conocimiento sobre programas de salud comunitaria.<br>Conocimiento\u00a0 sobre campa\u00f1as de salud y atenci\u00f3n de adultos mayores.\u00a0<\/p>\n\n\n\n<p><strong>Competencias:&nbsp;<\/strong><\/p>\n\n\n\n<ul class=\"wp-block-list\">\n<li>Elaboraci\u00f3n de informes y sistematizaci\u00f3n de informaci\u00f3n.\u00a0<\/li>\n\n\n\n<li>Capacidad de relacionamiento y coordinaci\u00f3n con actores institucionales.\u00a0<\/li>\n\n\n\n<li>Capacidad de interrelacionarse con diversos stakeholders.\u00a0\u00a0<\/li>\n\n\n\n<li>Capacidad para tratar con responsabilidad asuntos e informaci\u00f3n confidenciales.\u00a0<\/li>\n<\/ul>\n\n\n\n<p class=\"has-text-align-center\"><a href=\"https:\/\/redinfor.com.pe\/portal\/2019\/04\/24\/monitoreo-y-evaluacion-de-programas-y-proyectos-sociales\/\" target=\"_blank\" rel=\"noreferrer noopener\"><img decoding=\"async\" src=\" https:\/\/www.redinfor.com.pe\/Avisos\/MEPPS\/MEPPS_advisor.jpg \"><\/a><\/p>\n\n\n\n<p><strong>Requisitos legales y de cumplimiento&nbsp;<\/strong><\/p>\n\n\n\n<ul class=\"wp-block-list\">\n<li>Inscripci\u00f3n activa en SUNAT con RUC h\u00e1bil y r\u00e9gimen tributario compatible con la prestaci\u00f3n\u00a0 del servicio.\u00a0<\/li>\n\n\n\n<li>Medio de verificaci\u00f3n: consulta en l\u00ednea SUNAT.\u00a0<\/li>\n\n\n\n<li>Presentar antecedentes policiales y penales previos al inicio de la ejecuci\u00f3n.\u00a0<\/li>\n<\/ul>\n\n\n\n<p><strong>Otros requisitos:&nbsp;<\/strong><\/p>\n\n\n\n<ul class=\"wp-block-list\">\n<li>Disponibilidad para realizar actividades en Lima Metropolitana espec\u00edficamente en los\u00a0 distritos de Carabayllo, Lurigancho-Chosica, San Juan de Miraflores, Pachac\u00e1mac, Villa Mar\u00eda\u00a0 del Triunfo y Villa El Salvador.\u00a0<\/li>\n\n\n\n<li>Adjuntar CV documentado de profesional, constancia laboral, certificado de trabajo o\u00a0 contratos, ordenes de servicio, comprobantes que puedan acreditar la experiencia.<\/li>\n<\/ul>\n\n\n\n<p class=\"has-text-align-center\" style=\"font-size:30px\"><a href=\"https:\/\/drive.google.com\/file\/d\/1QWUm_TnjUng77RetHxnMQ1dwgiaTT5ws\/view?usp=sharing\" target=\"_blank\" rel=\"noreferrer noopener\"><strong>VER T\u00c9RMINOS DE REFERENCIA<\/strong><\/a><\/p>\n\n\n\n<p><strong>FECHA\u00a0<\/strong><br><strong>Lima, 15 de abril de 2026.\u00a0<\/strong><br><strong>Fecha l\u00edmite de postulaci\u00f3n: <\/strong>04\/05\/2026<br><strong>Env\u00eda tu postulaci\u00f3n a:\u00a0<\/strong><br><strong><a href=\"mailto:recepcion@asociacionunacem.org\">recepcion@asociacionunacem.org<\/a> \u00a0\u00a0<\/strong><br><strong><a href=\"mailto:cecilia.palomino@asociacionunacem.org\">cecilia.palomino@asociacionunacem.org<\/a> \u00a0<\/strong><\/p>\n\n\n\n<p class=\"has-text-align-center\"><a href=\"https:\/\/redinfor.com.pe\/portal\/2019\/02\/20\/diseno-y-formulacion-de-proyectos-sociales\/\" target=\"_blank\" rel=\"noreferrer noopener\"><img decoding=\"async\" src=\"https:\/\/redinfor.com.pe\/Avisos\/DFPS\/DFPS_advisor_large.jpg\"><\/a><\/p>\n","protected":false},"excerpt":{"rendered":"<p>Objetivo general\u00a0Lograr un adecuado acompa\u00f1amiento y monitoreo del Programa Comunidades Saludables\u00a0 de la Asociaci\u00f3n UNACEM que se implementan en la L\u00ednea de Bienestar y Desarrollo de\u00a0 Capacidades en Lima Metropolitana,&hellip; <\/p>\n","protected":false},"author":3,"featured_media":5163,"comment_status":"closed","ping_status":"closed","sticky":false,"template":"","format":"standard","meta":{"footnotes":""},"categories":[406],"tags":[139,730,437,90,66,323,456,425,391,65,245,141,67],"class_list":["post-52830","post","type-post","status-publish","format-standard","has-post-thumbnail","hentry","category-convoca_pub","tag-administracion","tag-bienestar","tag-comunicacion","tag-desarrollo","tag-evaluacion","tag-gestion","tag-ingenieria","tag-ingeniero","tag-linea-2","tag-monitoreo","tag-programa","tag-programas","tag-proyectos"],"_links":{"self":[{"href":"https:\/\/redinfor.com.pe\/portal\/wp-json\/wp\/v2\/posts\/52830","targetHints":{"allow":["GET"]}}],"collection":[{"href":"https:\/\/redinfor.com.pe\/portal\/wp-json\/wp\/v2\/posts"}],"about":[{"href":"https:\/\/redinfor.com.pe\/portal\/wp-json\/wp\/v2\/types\/post"}],"author":[{"embeddable":true,"href":"https:\/\/redinfor.com.pe\/portal\/wp-json\/wp\/v2\/users\/3"}],"replies":[{"embeddable":true,"href":"https:\/\/redinfor.com.pe\/portal\/wp-json\/wp\/v2\/comments?post=52830"}],"version-history":[{"count":1,"href":"https:\/\/redinfor.com.pe\/portal\/wp-json\/wp\/v2\/posts\/52830\/revisions"}],"predecessor-version":[{"id":52831,"href":"https:\/\/redinfor.com.pe\/portal\/wp-json\/wp\/v2\/posts\/52830\/revisions\/52831"}],"wp:featuredmedia":[{"embeddable":true,"href":"https:\/\/redinfor.com.pe\/portal\/wp-json\/wp\/v2\/media\/5163"}],"wp:attachment":[{"href":"https:\/\/redinfor.com.pe\/portal\/wp-json\/wp\/v2\/media?parent=52830"}],"wp:term":[{"taxonomy":"category","embeddable":true,"href":"https:\/\/redinfor.com.pe\/portal\/wp-json\/wp\/v2\/categories?post=52830"},{"taxonomy":"post_tag","embeddable":true,"href":"https:\/\/redinfor.com.pe\/portal\/wp-json\/wp\/v2\/tags?post=52830"}],"curies":[{"name":"wp","href":"https:\/\/api.w.org\/{rel}","templated":true}]}}