{"id":52832,"date":"2026-04-28T12:58:26","date_gmt":"2026-04-28T17:58:26","guid":{"rendered":"https:\/\/redinfor.com.pe\/portal\/?p=52832"},"modified":"2026-04-28T12:58:28","modified_gmt":"2026-04-28T17:58:28","slug":"convocatoria-de-gestor-de-bienestar-social","status":"publish","type":"post","link":"https:\/\/redinfor.com.pe\/portal\/2026\/04\/28\/convocatoria-de-gestor-de-bienestar-social\/","title":{"rendered":"CONVOCATORIA DE GESTOR DE BIENESTAR SOCIAL."},"content":{"rendered":"\n<p><strong>Lugar:<\/strong> La Libertad<\/p>\n\n\n\n<p><strong>\u00bfCu\u00e1l ser\u00e1 tu misi\u00f3n?<\/strong><br><strong>En esta nueva etapa, tus responsabilidades estar\u00e1n enfocadas en el impacto real:<\/strong><br><strong>Cercan\u00eda con el equipo:<\/strong> Ser\u00e1s el punto de contacto directo para la atenci\u00f3n y escucha activa de nuestros colaboradores.<br><strong>Acompa\u00f1amiento genuino:<\/strong> Brindar soporte y seguimiento en casos de salud, asegurando que nadie se sienta solo en momentos dif\u00edciles.<br><strong>Gesti\u00f3n con prop\u00f3sito:<\/strong> Liderar\u00e1s la ejecuci\u00f3n del presupuesto anual de Bienestar Social, optimizando recursos para generar el mayor valor.<br><strong>Prevenci\u00f3n y Salud:<\/strong> Dise\u00f1ar\u00e1s campa\u00f1as de salud innovadoras que promuevan h\u00e1bitos de vida sostenibles.<br><strong>Cultura del Bienestar:<\/strong> Crear\u00e1s y promover\u00e1s actividades que transformen el clima laboral y potencien la felicidad en el trabajo.<\/p>\n\n\n\n<p class=\"has-text-align-center\"><a href=\"https:\/\/redinfor.com.pe\/portal\/2019\/04\/24\/transversalizacion-del-enfoque-de-genero-en-programas-y-proyectos-sociales\/\" target=\"_blank\" rel=\"noreferrer noopener\"><img decoding=\"async\" src=\" https:\/\/www.redinfor.com.pe\/Avisos\/TEGPPS\/TEGPPS_advisor.jpg \"><\/a><\/p>\n\n\n\n<p><strong>\u00bfQu\u00e9 buscamos en ti?<\/strong><\/p>\n\n\n\n<ul class=\"wp-block-list\">\n<li>Profesional en Trabajo Social, Psicolog\u00eda, Comunicaci\u00f3n, Enfermer\u00eda o carreras afines.<\/li>\n\n\n\n<li>Experiencia previa en gesti\u00f3n de beneficios y tr\u00e1mites de salud (ESSALUD\/EPS).<\/li>\n\n\n\n<li>Capacidad anal\u00edtica para el manejo de presupuestos.<\/li>\n\n\n\n<li>Empat\u00eda a prueba de todo y una excelente capacidad de comunicaci\u00f3n.<\/li>\n<\/ul>\n\n\n\n<p><strong>\u00bfQu\u00e9 ofrecemos?<\/strong><\/p>\n\n\n\n<ul class=\"wp-block-list\">\n<li>\u200bLa oportunidad de estrenar un modelo de gesti\u00f3n dise\u00f1ado para el trabajador.<\/li>\n\n\n\n<li>Un ambiente de trabajo donde tus ideas de innovaci\u00f3n social ser\u00e1n escuchadas.<\/li>\n\n\n\n<li>Pertenecer a un grupo empresarial cuyas posibilidades se extienden a 6 empresas dentro y fuera del pa\u00eds.<\/li>\n<\/ul>\n\n\n\n<p><strong>\u00bfListo\/a para ser el motor de este cambio?<\/strong><br><strong>Postula enviando tu CV al correo:\u00a0<a href=\"mailto:cristina.ponce@azucarperu.com.pe\" target=\"_blank\" rel=\"noreferrer noopener\">cristina.ponce@azucarperu.com.pe<\/a><\/strong><\/p>\n\n\n\n<p class=\"has-text-align-center\"><a href=\"https:\/\/redinfor.com.pe\/portal\/2019\/04\/24\/metodologias-de-capacitacion-para-poblaciones-rurales\/\" target=\"_blank\" rel=\"noreferrer noopener\"><img decoding=\"async\" src=\" https:\/\/redinfor.com.pe\/Avisos\/MCPR\/MCPR_advisor_large.jpg \"><\/a><\/p>\n\n\n\n<p><\/p>\n","protected":false},"excerpt":{"rendered":"<p>Lugar: La Libertad \u00bfCu\u00e1l ser\u00e1 tu misi\u00f3n?En esta nueva etapa, tus responsabilidades estar\u00e1n enfocadas en el impacto real:Cercan\u00eda con el equipo: Ser\u00e1s el punto de contacto directo para la atenci\u00f3n&hellip; <\/p>\n","protected":false},"author":3,"featured_media":46719,"comment_status":"closed","ping_status":"closed","sticky":false,"template":"","format":"standard","meta":{"footnotes":""},"categories":[406],"tags":[139,2399,437,90,500,66,53,323,456,425,141,67,461],"class_list":["post-52832","post","type-post","status-publish","format-standard","has-post-thumbnail","hentry","category-convoca_pub","tag-administracion","tag-capacidad","tag-comunicacion","tag-desarrollo","tag-enfermeria","tag-evaluacion","tag-genero","tag-gestion","tag-ingenieria","tag-ingeniero","tag-programas","tag-proyectos","tag-psicologa"],"_links":{"self":[{"href":"https:\/\/redinfor.com.pe\/portal\/wp-json\/wp\/v2\/posts\/52832","targetHints":{"allow":["GET"]}}],"collection":[{"href":"https:\/\/redinfor.com.pe\/portal\/wp-json\/wp\/v2\/posts"}],"about":[{"href":"https:\/\/redinfor.com.pe\/portal\/wp-json\/wp\/v2\/types\/post"}],"author":[{"embeddable":true,"href":"https:\/\/redinfor.com.pe\/portal\/wp-json\/wp\/v2\/users\/3"}],"replies":[{"embeddable":true,"href":"https:\/\/redinfor.com.pe\/portal\/wp-json\/wp\/v2\/comments?post=52832"}],"version-history":[{"count":1,"href":"https:\/\/redinfor.com.pe\/portal\/wp-json\/wp\/v2\/posts\/52832\/revisions"}],"predecessor-version":[{"id":52833,"href":"https:\/\/redinfor.com.pe\/portal\/wp-json\/wp\/v2\/posts\/52832\/revisions\/52833"}],"wp:featuredmedia":[{"embeddable":true,"href":"https:\/\/redinfor.com.pe\/portal\/wp-json\/wp\/v2\/media\/46719"}],"wp:attachment":[{"href":"https:\/\/redinfor.com.pe\/portal\/wp-json\/wp\/v2\/media?parent=52832"}],"wp:term":[{"taxonomy":"category","embeddable":true,"href":"https:\/\/redinfor.com.pe\/portal\/wp-json\/wp\/v2\/categories?post=52832"},{"taxonomy":"post_tag","embeddable":true,"href":"https:\/\/redinfor.com.pe\/portal\/wp-json\/wp\/v2\/tags?post=52832"}],"curies":[{"name":"wp","href":"https:\/\/api.w.org\/{rel}","templated":true}]}}