{"id":52838,"date":"2026-04-28T13:25:20","date_gmt":"2026-04-28T18:25:20","guid":{"rendered":"https:\/\/redinfor.com.pe\/portal\/?p=52838"},"modified":"2026-04-28T13:25:22","modified_gmt":"2026-04-28T18:25:22","slug":"consultoria-para-el-servicio-de-moderadora-para-la-conduccion-de-24-programas-radiales-del-proyecto","status":"publish","type":"post","link":"https:\/\/redinfor.com.pe\/portal\/2026\/04\/28\/consultoria-para-el-servicio-de-moderadora-para-la-conduccion-de-24-programas-radiales-del-proyecto\/","title":{"rendered":"CONSULTORIA PARA EL SERVICIO DE MODERADOR(A) PARA LA CONDUCCI\u00d3N DE 24 PROGRAMAS RADIALES DEL PROYECTO."},"content":{"rendered":"\n<p><strong>Objetivo General:\u00a0\u00a0<\/strong><br>Contar con un\/a moderador(a) que conduzca y dinamice los programas radiales del proyecto, facilitando\u00a0 la comunicaci\u00f3n de contenidos y la participaci\u00f3n de los actores involucrados.<\/p>\n\n\n\n<p><strong>PERFIL DEL CONSULTOR (A)\u00a0<\/strong><br><strong>Formaci\u00f3n profesional y experiencia:\u00a0<\/strong><br><strong>Formaci\u00f3n acad\u00e9mica:\u00a0<\/strong>Profesional o t\u00e9cnico en comunicaci\u00f3n, periodismo o carreras afines.\u00a0<\/p>\n\n\n\n<p><strong>Experiencia relevante&nbsp;<\/strong><\/p>\n\n\n\n<ul class=\"wp-block-list\">\n<li>Experiencia m\u00ednima de 2 a\u00f1os en conducci\u00f3n o locuci\u00f3n radial.\u00a0\u00a0<\/li>\n\n\n\n<li>Experiencia en entrevistas o facilitaci\u00f3n de espacios comunicativos.\u00a0\u00a0<\/li>\n\n\n\n<li>Deseable experiencia en programas educativos o sociales.\u00a0<\/li>\n<\/ul>\n\n\n\n<p><strong>Conocimientos&nbsp;<\/strong><\/p>\n\n\n\n<ul class=\"wp-block-list\">\n<li>T\u00e9cnicas de locuci\u00f3n y conducci\u00f3n radial.\u00a0\u00a0<\/li>\n\n\n\n<li>Manejo de entrevistas.\u00a0\u00a0<\/li>\n\n\n\n<li>Comunicaci\u00f3n interpersonal.\u00a0<\/li>\n<\/ul>\n\n\n\n<p><strong>Actitudes y habilidades deseables&nbsp;<\/strong><\/p>\n\n\n\n<ul class=\"wp-block-list\">\n<li>Buena dicci\u00f3n y expresi\u00f3n oral.\u00a0\u00a0<\/li>\n\n\n\n<li>Proactividad.\u00a0\u00a0<\/li>\n\n\n\n<li>Responsabilidad y puntualidad.\u00a0<\/li>\n<\/ul>\n\n\n\n<p class=\"has-text-align-center\"><a href=\"https:\/\/redinfor.com.pe\/portal\/2019\/02\/20\/diseno-y-formulacion-de-proyectos-sociales\/\" target=\"_blank\" rel=\"noreferrer noopener\"><img decoding=\"async\" src=\"https:\/\/www.redinfor.com.pe\/Avisos\/DFPS\/DFPS_advisor.jpg\"><\/a><\/p>\n\n\n\n<p><strong>ACTIVIDADES DEL CONSULTOR (A)\u00a0<\/strong><br><strong>Para el cumplimiento de los objetivos planteados, el\/la consultor\/a desarrollar\u00e1 las siguientes acciones:<\/strong><\/p>\n\n\n\n<ul class=\"wp-block-list\">\n<li>Conducir los 24 programas radiales programados.\u00a0\u00a0<\/li>\n\n\n\n<li>Presentar los contenidos del programa conforme al guion proporcionado por el equipo del proyecto.\u00a0<\/li>\n\n\n\n<li>Realizar entrevistas a invitados.\u00a0\u00a0<\/li>\n\n\n\n<li>Coordinar con el equipo t\u00e9cnico y de producci\u00f3n.\u00a0\u00a0<\/li>\n\n\n\n<li>Mantener coherencia con los objetivos del proyecto.\u00a0\u00a0<\/li>\n<\/ul>\n\n\n\n<p class=\"has-text-align-center\" style=\"font-size:30px\"><strong><a href=\"https:\/\/drive.google.com\/file\/d\/1_DwF5kWhwAq8V1h96HPDK-tzo9ysgnJt\/view?usp=sharing\" target=\"_blank\" rel=\"noreferrer noopener\">VER T\u00c9RMINOS DE REFERENCIA<\/a><\/strong><\/p>\n\n\n\n<p><strong>Si cumple con los requisitos, env\u00ede su CV, con una carta de inter\u00e9s (indicando su propuesta t\u00e9cnica y econ\u00f3mica a todo costo) a los correos de contacto: <a href=\"mailto:rafael.soto@idmaperu.org\">rafael.soto@idmaperu.org<\/a> \u00a0y \u00a0<a href=\"mailto:duvert.ventocilla@idmaperu.org\">duvert.ventocilla@idmaperu.org<\/a> \u00a0<\/strong><br><strong>Selecci\u00f3n:<\/strong> 30 de abril del 2026.\u00a0<\/p>\n\n\n\n<p class=\"has-text-align-center\"><a href=\"https:\/\/redinfor.com.pe\/portal\/2019\/04\/24\/sistematizacion-de-experiencias-de-programas-y-proyectos-sociales\/\" target=\"_blank\" rel=\"noreferrer noopener\"><img decoding=\"async\" src=\" https:\/\/redinfor.com.pe\/Avisos\/SEPPS\/SEPPS_advisor_large.jpg \"><\/a><\/p>\n","protected":false},"excerpt":{"rendered":"<p>Objetivo General:\u00a0\u00a0Contar con un\/a moderador(a) que conduzca y dinamice los programas radiales del proyecto, facilitando\u00a0 la comunicaci\u00f3n de contenidos y la participaci\u00f3n de los actores involucrados. PERFIL DEL CONSULTOR (A)\u00a0Formaci\u00f3n&hellip; <\/p>\n","protected":false},"author":3,"featured_media":30510,"comment_status":"closed","ping_status":"closed","sticky":false,"template":"","format":"standard","meta":{"footnotes":""},"categories":[406],"tags":[139,437,3180,90,66,53,323,3969,456,425,141,1260],"class_list":["post-52838","post","type-post","status-publish","format-standard","has-post-thumbnail","hentry","category-convoca_pub","tag-administracion","tag-comunicacion","tag-conduccion","tag-desarrollo","tag-evaluacion","tag-genero","tag-gestion","tag-idma","tag-ingenieria","tag-ingeniero","tag-programas","tag-radiales"],"_links":{"self":[{"href":"https:\/\/redinfor.com.pe\/portal\/wp-json\/wp\/v2\/posts\/52838","targetHints":{"allow":["GET"]}}],"collection":[{"href":"https:\/\/redinfor.com.pe\/portal\/wp-json\/wp\/v2\/posts"}],"about":[{"href":"https:\/\/redinfor.com.pe\/portal\/wp-json\/wp\/v2\/types\/post"}],"author":[{"embeddable":true,"href":"https:\/\/redinfor.com.pe\/portal\/wp-json\/wp\/v2\/users\/3"}],"replies":[{"embeddable":true,"href":"https:\/\/redinfor.com.pe\/portal\/wp-json\/wp\/v2\/comments?post=52838"}],"version-history":[{"count":1,"href":"https:\/\/redinfor.com.pe\/portal\/wp-json\/wp\/v2\/posts\/52838\/revisions"}],"predecessor-version":[{"id":52839,"href":"https:\/\/redinfor.com.pe\/portal\/wp-json\/wp\/v2\/posts\/52838\/revisions\/52839"}],"wp:featuredmedia":[{"embeddable":true,"href":"https:\/\/redinfor.com.pe\/portal\/wp-json\/wp\/v2\/media\/30510"}],"wp:attachment":[{"href":"https:\/\/redinfor.com.pe\/portal\/wp-json\/wp\/v2\/media?parent=52838"}],"wp:term":[{"taxonomy":"category","embeddable":true,"href":"https:\/\/redinfor.com.pe\/portal\/wp-json\/wp\/v2\/categories?post=52838"},{"taxonomy":"post_tag","embeddable":true,"href":"https:\/\/redinfor.com.pe\/portal\/wp-json\/wp\/v2\/tags?post=52838"}],"curies":[{"name":"wp","href":"https:\/\/api.w.org\/{rel}","templated":true}]}}