{"id":52851,"date":"2026-04-28T19:02:56","date_gmt":"2026-04-29T00:02:56","guid":{"rendered":"https:\/\/redinfor.com.pe\/portal\/?p=52851"},"modified":"2026-04-28T19:02:57","modified_gmt":"2026-04-29T00:02:57","slug":"convocatoria-de-jefe-a-de-proyecto-emprendimiento","status":"publish","type":"post","link":"https:\/\/redinfor.com.pe\/portal\/2026\/04\/28\/convocatoria-de-jefe-a-de-proyecto-emprendimiento\/","title":{"rendered":"CONVOCATORIA DE JEFE\/A DE PROYECTO \u2013 EMPRENDIMIENTO"},"content":{"rendered":"\n<p class=\"has-text-align-center has-medium-font-size\"><strong>CONVOCATORIA DE JEFE\/A DE PROYECTO \u2013 EMPRENDIMIENTO<\/strong><\/p>\n\n\n\n<p><strong>Contribuir\u00e1s a acabar con el hambre en el mundo por &#8230;<\/strong><br>El \u00e1rea de programas lidera las actividades estrat\u00e9gica siendo responsable de la asistencia t\u00e9cnica para un abordaje integral de la poblaci\u00f3n beneficiaria; as\u00ed como para la implementaci\u00f3n articulada y efectiva de los componentes de proyectos de Acci\u00f3n Contra el Hambre en el Per\u00fa.<\/p>\n\n\n\n<p><strong>Esta descripci\u00f3n encaja contigo?<\/strong><\/p>\n\n\n\n<p><strong>Formaci\u00f3n:<\/strong><br>Profesional en Ciencias Econ\u00f3micas, Administrativas, Ingenier\u00eda industrial o afines.<\/p>\n\n\n\n<p><strong>Conocimientos t\u00e9cnicos espec\u00edficos:<\/strong><\/p>\n\n\n\n<ul class=\"wp-block-list\">\n<li>Gesti\u00f3n del Ciclo de Proyectos\u00a0<\/li>\n\n\n\n<li>Gesti\u00f3n de Recursos Humanos\u00a0<\/li>\n\n\n\n<li>Deseable Post Grado o Estudios de Post Grado en Cooperaci\u00f3n Internacional, Desarrollo o Empleo \u2013 Emprendimiento<\/li>\n<\/ul>\n\n\n\n<p><strong>Experiencia previa:<\/strong><\/p>\n\n\n\n<ul class=\"wp-block-list\">\n<li>Experiencia de 3 a\u00f1os liderando proyectos de Cooperaci\u00f3n Internacional\u00a0<\/li>\n\n\n\n<li>Experiencia demostrada en trabajo y la gesti\u00f3n de la seguridad<\/li>\n\n\n\n<li>Experiencia de 3 a\u00f1os en la gesti\u00f3n y liderazgo de equipos humanos.<\/li>\n<\/ul>\n\n\n\n<p><strong>Cocimiento del sector:<\/strong><\/p>\n\n\n\n<ul class=\"wp-block-list\">\n<li>Deseable conocimiento y experiencia en incorporaci\u00f3n de enfoques transversales (Acci\u00f3n sin Da\u00f1o, Enfoque de G\u00e9nero, y Sociocultural).<\/li>\n\n\n\n<li>Entendimiento del enfoque de derechos.<\/li>\n<\/ul>\n\n\n\n<p class=\"has-text-align-center\"><a href=\"https:\/\/redinfor.com.pe\/portal\/2019\/02\/20\/diseno-y-formulacion-de-proyectos-sociales\/\" target=\"_blank\" rel=\"noreferrer noopener\"><img decoding=\"async\" src=\"https:\/\/www.redinfor.com.pe\/Avisos\/DFPS\/DFPS_advisor.jpg\"><\/a><\/p>\n\n\n\n<p><strong>Conocimiento de ACF<\/strong><br>Deseable conocimiento de la organizaci\u00f3n y sus ejes de acci\u00f3n<\/p>\n\n\n\n<p><strong>Idiomas<\/strong>:<br>Ingles b\u00e1sico\u00a0<\/p>\n\n\n\n<p><strong>Ofim\u00e1tica y sistemas espec\u00edficos:<\/strong><br>Conocimiento y dominio del paquete inform\u00e1tico Office<\/p>\n\n\n\n<p><strong>Movilidad (nacional\/ internacional)<\/strong><br>Disponibilidad para la movilidad en el \u00e1mbito de intervenci\u00f3n (Amazonas, Cusco)<\/p>\n\n\n\n<p class=\"has-text-align-center\"><strong><a href=\"https:\/\/employ.acf-e.org\/index.php\/positions\/view\/11847\" target=\"_blank\" rel=\"noreferrer noopener\">VER T\u00c9RMINOS DE REFERENCIA Y POSTULACIONES<\/a><br><br>Acci\u00f3n contra el Hambre se compromete a prevenir cualquier tipo de comportamiento no deseado en el trabajo, incluyendo el acoso sexual, la explotaci\u00f3n y el abuso sexual, la falta de integridad y \/o mala praxis financiera; Esperamos que todo nuestro personal y personas voluntarias compartan este compromiso y compartan nuestro c\u00f3digo de conducta y otras pol\u00edticas relacionadas ya que s\u00f3lo aquellas personas que compartan nuestros valores y c\u00f3digo de conducta ser\u00e1n reclutadas para trabajar para nosotros.<\/strong><\/p>\n\n\n\n<p class=\"has-text-align-center\"><a href=\"https:\/\/redinfor.com.pe\/portal\/2019\/04\/24\/transversalizacion-del-enfoque-de-genero-en-programas-y-proyectos-sociales\/\" target=\"_blank\" rel=\"noreferrer noopener\"><img decoding=\"async\" src=\" https:\/\/redinfor.com.pe\/Avisos\/TEGPPS\/TEGPPS_advisor_large.jpg \"><\/a><\/p>\n","protected":false},"excerpt":{"rendered":"<p>CONVOCATORIA DE JEFE\/A DE PROYECTO \u2013 EMPRENDIMIENTO Contribuir\u00e1s a acabar con el hambre en el mundo por &#8230;El \u00e1rea de programas lidera las actividades estrat\u00e9gica siendo responsable de la asistencia&hellip; <\/p>\n","protected":false},"author":1,"featured_media":5024,"comment_status":"closed","ping_status":"closed","sticky":false,"template":"","format":"standard","meta":{"footnotes":""},"categories":[406],"tags":[1581,139,30,264,899,53,623,456,313,2799,574,244],"class_list":["post-52851","post","type-post","status-publish","format-standard","has-post-thumbnail","hentry","category-convoca_pub","tag-accion-contra-el-hambre","tag-administracion","tag-cooperacion","tag-economia","tag-emprendimiento","tag-genero","tag-industrial","tag-ingenieria","tag-internacional","tag-jefa","tag-jefe","tag-proyecto"],"_links":{"self":[{"href":"https:\/\/redinfor.com.pe\/portal\/wp-json\/wp\/v2\/posts\/52851","targetHints":{"allow":["GET"]}}],"collection":[{"href":"https:\/\/redinfor.com.pe\/portal\/wp-json\/wp\/v2\/posts"}],"about":[{"href":"https:\/\/redinfor.com.pe\/portal\/wp-json\/wp\/v2\/types\/post"}],"author":[{"embeddable":true,"href":"https:\/\/redinfor.com.pe\/portal\/wp-json\/wp\/v2\/users\/1"}],"replies":[{"embeddable":true,"href":"https:\/\/redinfor.com.pe\/portal\/wp-json\/wp\/v2\/comments?post=52851"}],"version-history":[{"count":1,"href":"https:\/\/redinfor.com.pe\/portal\/wp-json\/wp\/v2\/posts\/52851\/revisions"}],"predecessor-version":[{"id":52852,"href":"https:\/\/redinfor.com.pe\/portal\/wp-json\/wp\/v2\/posts\/52851\/revisions\/52852"}],"wp:featuredmedia":[{"embeddable":true,"href":"https:\/\/redinfor.com.pe\/portal\/wp-json\/wp\/v2\/media\/5024"}],"wp:attachment":[{"href":"https:\/\/redinfor.com.pe\/portal\/wp-json\/wp\/v2\/media?parent=52851"}],"wp:term":[{"taxonomy":"category","embeddable":true,"href":"https:\/\/redinfor.com.pe\/portal\/wp-json\/wp\/v2\/categories?post=52851"},{"taxonomy":"post_tag","embeddable":true,"href":"https:\/\/redinfor.com.pe\/portal\/wp-json\/wp\/v2\/tags?post=52851"}],"curies":[{"name":"wp","href":"https:\/\/api.w.org\/{rel}","templated":true}]}}