{"id":52853,"date":"2026-04-28T19:36:36","date_gmt":"2026-04-29T00:36:36","guid":{"rendered":"https:\/\/redinfor.com.pe\/portal\/?p=52853"},"modified":"2026-04-28T19:36:39","modified_gmt":"2026-04-29T00:36:39","slug":"consultoria-servicio-de-implementacion-y-facilitacion-programa-escuelas-de-ciudadania-de-ii-ee-en-los-olivos-lima-peru","status":"publish","type":"post","link":"https:\/\/redinfor.com.pe\/portal\/2026\/04\/28\/consultoria-servicio-de-implementacion-y-facilitacion-programa-escuelas-de-ciudadania-de-ii-ee-en-los-olivos-lima-peru\/","title":{"rendered":"CONSULTOR\u00cdA &#8211; SERVICIO DE IMPLEMENTACI\u00d3N Y FACILITACI\u00d3N &#8211; PROGRAMA ESCUELAS DE CIUDADAN\u00cdA DE II.EE EN LOS OLIVOS &#8211; LIMA \u2013 PER\u00da"},"content":{"rendered":"\n<p class=\"has-text-align-center has-medium-font-size\"><strong>CONSULTOR\u00cdA &#8211; SERVICIO DE IMPLEMENTACI\u00d3N Y FACILITACI\u00d3N &#8211; PROGRAMA ESCUELAS DE CIUDADAN\u00cdA DE II.EE EN LOS OLIVOS &#8211; LIMA \u2013 PER\u00da<\/strong><\/p>\n\n\n\n<p><strong>OBJETO DE LA CONTRATACI\u00d3N<\/strong><br>Implementar el programa de Escuela de Ciudadan\u00eda para 50 adolescentes migrantes y peruanos entre 13-17 a\u00f1os de instituciones educativas del distrito de San Martin de Porres y\/o Los Olivos, para fomentar la integraci\u00f3n, el empoderamiento y reconocimiento de sus derechos, as\u00ed como la promoci\u00f3n de una participaci\u00f3n en la comunidad educativa.<\/p>\n\n\n\n<p><strong>Objetivos espec\u00edficos<\/strong><\/p>\n\n\n\n<ul class=\"wp-block-list\">\n<li>E 1 Implementar el programa de Escuelas de Ciudadan\u00eda a 2 secciones de colegios priorizados por el proyecto, de preferencia del curso de tutor\u00eda o DPCC (Desarrollo personal, ciudadan\u00eda y c\u00edvica)<\/li>\n\n\n\n<li>E 2 Ejecutar 24 talleres (12 sesiones por cada secci\u00f3n) y coordinar con el punto focal de dichas aulas para su desarrollo, seg\u00fan los m\u00f3dulos program\u00e1ticos de Escuela de ciudadan\u00eda de la Fundaci\u00f3n Ayuda en Acci\u00f3n. Por cada grupo conformado de adolescentes se deber\u00e1 usar la metodolog\u00eda proporcionada con opci\u00f3n a incluir actividades l\u00fadicas, interactivas y que promuevan la participaci\u00f3n de los adolescentes en la comunidad educativa.<\/li>\n\n\n\n<li>E 3 La facilitaci\u00f3n de los talleres cumplir\u00e1n dos finalidades: impartir la metodolog\u00eda de Escuelas de ciudadan\u00eda hacia los adolescentes, y co-facilitar dicho programa con el docente del aula asignada.<\/li>\n\n\n\n<li>E 4 Evaluar el impacto de la ejecuci\u00f3n del programa dirigido a los adolescentes de las instituciones educativas seleccionadas a trav\u00e9s de herramientas t\u00e9cnicas que permitan medir y alimentar a los indicadores del proyecto como evaluaciones de entrada, salida y de satisfacci\u00f3n.<\/li>\n<\/ul>\n\n\n\n<p class=\"has-text-align-center\"><a href=\"https:\/\/redinfor.com.pe\/portal\/2019\/02\/20\/diseno-y-formulacion-de-proyectos-sociales\/\" target=\"_blank\" rel=\"noreferrer noopener\"><img decoding=\"async\" src=\"https:\/\/www.redinfor.com.pe\/Avisos\/DFPS\/DFPS_advisor.jpg\"><\/a><\/p>\n\n\n\n<p><strong>REQUISITOS<\/strong><\/p>\n\n\n\n<p><strong>Conocimientos y experiencia<\/strong><br>La consultor\u00eda se sugiere sea realizada por una persona natural ya sea nacional o extranjera cuyas operaciones sean en Per\u00fa y ser\u00e1 seleccionada posterior a un proceso de concurso, despu\u00e9s de que se haya divulgado los T\u00e9rminos de Referencia por medios institucionales digitales.<\/p>\n\n\n\n<p>En ambos casos, deber\u00e1n adjuntar los soportes que permitan verificar el cumplimiento del perfil requerido. El\/la consultora postula deber\u00e1 tener amplios conocimientos en la tem\u00e1tica objeto de la contrataci\u00f3n.<\/p>\n\n\n\n<p><strong>Requerimientos t\u00e9cnicos de el\/la consultor\/a o equipo consultor (debidamente documentada):<\/strong><\/p>\n\n\n\n<ul class=\"wp-block-list\">\n<li>Profesional en Psicolog\u00eda, ciencias sociales, educaci\u00f3n o carreras afines.<\/li>\n\n\n\n<li>Experiencia m\u00ednima de 2 a\u00f1os en la facilitaci\u00f3n de talleres dirigidos hacia NNAs en la promoci\u00f3n derechos c\u00edvicos y participaci\u00f3n ciudadana. (Indispensable)<\/li>\n\n\n\n<li>Experiencia en el manejo de talleres presenciales en temas de derechos humanos, liderazgo, movilidad humana, interculturalidad y g\u00e9nero hacia NNAs.<\/li>\n\n\n\n<li>Con excelentes capacidades para desarrollar trabajos en equipo a trav\u00e9s de metodolog\u00edas altamente participativas.<\/li>\n\n\n\n<li>Contar con especializaci\u00f3n y\/o estudios en prevenci\u00f3n de la Violencia basada en g\u00e9nero o igualdad de g\u00e9nero. (deseable)<\/li>\n\n\n\n<li>Actitud positiva y propositiva para lograr participaci\u00f3n efectiva y activa.<\/li>\n\n\n\n<li>Experiencia de trabajo en gesti\u00f3n de proyectos y\/o monitoreo.<\/li>\n\n\n\n<li>Manejo de enfoque de g\u00e9nero e intercultural<\/li>\n<\/ul>\n\n\n\n<p><strong>Competencias Blandas:<\/strong><\/p>\n\n\n\n<ul class=\"wp-block-list\">\n<li>Facilidad de palabra, buen trato, comunicaci\u00f3n asertiva y escucha activa<\/li>\n\n\n\n<li>Capacidad de organizaci\u00f3n y planificaci\u00f3n<\/li>\n\n\n\n<li>Responsabilidad y puntualidad<\/li>\n\n\n\n<li>Capacidad de soluci\u00f3n de problemas y negociaci\u00f3n<\/li>\n\n\n\n<li>Manejo de office a nivel intermedio<\/li>\n<\/ul>\n\n\n\n<p class=\"has-text-align-center\" style=\"font-size:30px\"><strong><a href=\"https:\/\/empleoayudaenaccion.talentclue.com\/es\/node\/124913656\/12623479\" target=\"_blank\" rel=\"noreferrer noopener\">VER T\u00c9RMINOS DE REFERENCIA Y POSTULACIONES<\/a><\/strong><\/p>\n\n\n\n<p><strong>PRESENTACI\u00d3N DE OFERTAS<\/strong><br>Las propuestas t\u00e9cnicas y econ\u00f3micas deben adjuntarse en el momento de inscripci\u00f3n, al final del formulario pueden encontrar el apartado \u00abDOCUMENTOS &#8211; A\u00f1adir m\u00e1s archivos\u00bb, es importante a\u00f1adirlos para ser tomados en cuenta en el proceso.<\/p>\n\n\n\n<p>En caso de tener dudas o consultas pueden escribir a los siguientes correos: <a href=\"mailto:mmalvas@ayudaenaccion.org\">mmalvas@ayudaenaccion.org<\/a>, <a href=\"mailto:awmontes@ayudaenaccion.org\">awmontes@ayudaenaccion.org<\/a>, <a href=\"mailto:jlgalvez@ayudaenaccion.org\">jlgalvez@ayudaenaccion.org<\/a>; <a href=\"mailto:mrbarbachan@ayudaenaccion.org\">mrbarbachan@ayudaenaccion.org<\/a><\/p>\n\n\n\n<p><strong>Fecha l\u00edmite de presentaci\u00f3n de consultas: 05 de mayo 2026<\/strong><\/p>\n\n\n\n<p class=\"has-text-align-center\"><a href=\"https:\/\/redinfor.com.pe\/portal\/2019\/04\/24\/transversalizacion-del-enfoque-de-genero-en-programas-y-proyectos-sociales\/\" target=\"_blank\" rel=\"noreferrer noopener\"><img decoding=\"async\" src=\" https:\/\/redinfor.com.pe\/Avisos\/TEGPPS\/TEGPPS_advisor_large.jpg \"><\/a><\/p>\n","protected":false},"excerpt":{"rendered":"<p>CONSULTOR\u00cdA &#8211; SERVICIO DE IMPLEMENTACI\u00d3N Y FACILITACI\u00d3N &#8211; PROGRAMA ESCUELAS DE CIUDADAN\u00cdA DE II.EE EN LOS OLIVOS &#8211; LIMA \u2013 PER\u00da OBJETO DE LA CONTRATACI\u00d3NImplementar el programa de Escuela de&hellip; <\/p>\n","protected":false},"author":1,"featured_media":50236,"comment_status":"closed","ping_status":"closed","sticky":false,"template":"","format":"standard","meta":{"footnotes":""},"categories":[406],"tags":[511,5616,43,2326,3149,198,183,973,155,1041,53,799,144,41,1813,1031,245,436,1850,78],"class_list":["post-52853","post","type-post","status-publish","format-standard","has-post-thumbnail","hentry","category-convoca_pub","tag-ayuda-en-accion","tag-ciencia-sociales","tag-ciudadania","tag-comunidad","tag-consultoria-2","tag-derechos","tag-educacion","tag-educativa","tag-escuelas","tag-facilitacion","tag-genero","tag-implementacion","tag-liderazgo","tag-lima","tag-los-olivos","tag-migrantes","tag-programa","tag-psicologia","tag-san-martin-de-porres","tag-talleres"],"_links":{"self":[{"href":"https:\/\/redinfor.com.pe\/portal\/wp-json\/wp\/v2\/posts\/52853","targetHints":{"allow":["GET"]}}],"collection":[{"href":"https:\/\/redinfor.com.pe\/portal\/wp-json\/wp\/v2\/posts"}],"about":[{"href":"https:\/\/redinfor.com.pe\/portal\/wp-json\/wp\/v2\/types\/post"}],"author":[{"embeddable":true,"href":"https:\/\/redinfor.com.pe\/portal\/wp-json\/wp\/v2\/users\/1"}],"replies":[{"embeddable":true,"href":"https:\/\/redinfor.com.pe\/portal\/wp-json\/wp\/v2\/comments?post=52853"}],"version-history":[{"count":1,"href":"https:\/\/redinfor.com.pe\/portal\/wp-json\/wp\/v2\/posts\/52853\/revisions"}],"predecessor-version":[{"id":52854,"href":"https:\/\/redinfor.com.pe\/portal\/wp-json\/wp\/v2\/posts\/52853\/revisions\/52854"}],"wp:featuredmedia":[{"embeddable":true,"href":"https:\/\/redinfor.com.pe\/portal\/wp-json\/wp\/v2\/media\/50236"}],"wp:attachment":[{"href":"https:\/\/redinfor.com.pe\/portal\/wp-json\/wp\/v2\/media?parent=52853"}],"wp:term":[{"taxonomy":"category","embeddable":true,"href":"https:\/\/redinfor.com.pe\/portal\/wp-json\/wp\/v2\/categories?post=52853"},{"taxonomy":"post_tag","embeddable":true,"href":"https:\/\/redinfor.com.pe\/portal\/wp-json\/wp\/v2\/tags?post=52853"}],"curies":[{"name":"wp","href":"https:\/\/api.w.org\/{rel}","templated":true}]}}