{"id":52855,"date":"2026-04-29T10:42:53","date_gmt":"2026-04-29T15:42:53","guid":{"rendered":"https:\/\/redinfor.com.pe\/portal\/?p=52855"},"modified":"2026-04-29T10:42:55","modified_gmt":"2026-04-29T15:42:55","slug":"requerimiento-de-servicio-de-capacitacion-del-modulo-formativo-6-comunicacion-y-marketing","status":"publish","type":"post","link":"https:\/\/redinfor.com.pe\/portal\/2026\/04\/29\/requerimiento-de-servicio-de-capacitacion-del-modulo-formativo-6-comunicacion-y-marketing\/","title":{"rendered":"REQUERIMIENTO DE SERVICIO DE CAPACITACI\u00d3N DEL M\u00d3DULO FORMATIVO 6: COMUNICACI\u00d3N Y MARKETING"},"content":{"rendered":"\n<p class=\"has-text-align-center has-small-font-size\"><strong>CENTRAL DE ORGANIZACIONES DE PRODUCTORES DE CAF\u00c9 Y CACAO DEL PERU<\/strong><\/p>\n\n\n\n<p class=\"has-text-align-center has-medium-font-size\"><strong>REQUERIMIENTO DE SERVICIO DE CAPACITACI\u00d3N DEL M\u00d3DULO FORMATIVO 6: COMUNICACI\u00d3N Y MARKETING<\/strong><\/p>\n\n\n\n<p class=\"has-text-align-center has-small-font-size\"><strong>DEL PROGRAMA DE FORMACI\u00d3N ESCUELA DE L\u00cdDERES COOPERATIVISTAS AGRARIOS &#8211; ELCA; EN LA PROVINCIA DE CHANCHAMAYO, REGI\u00d3N JUN\u00cdN<\/strong><\/p>\n\n\n\n<p><strong>OBJETIVOS DE LA CONSULTOR\u00cdA<\/strong><br>Seleccionar a (01) profesional especialista del staff de instructores, que re\u00fana los requisitos indicados en el presente TDR, para facilitar el \u201cM\u00f3dulo formativo 6: Comunicaci\u00f3n y marketing\u201d, del programa de formaci\u00f3n Escuela de L\u00edderes Cooperativistas Agrarios (ELCA), en la provincia de Chanchamayo, regi\u00f3n Jun\u00edn.\u00a0<\/p>\n\n\n\n<p><strong>PERFIL PROFESIONAL<\/strong><br>Persona natural o jur\u00eddica con RUC activo. Para el caso de personas jur\u00eddicas, deseable contar con al menos un profesional que cumpla de forma obligatoria con los siguientes requisitos:<\/p>\n\n\n\n<p><strong>Perfil profesional:<\/strong><\/p>\n\n\n\n<ol start=\"1\" style=\"list-style-type:lower-alpha\" class=\"wp-block-list\">\n<li>Grado de bachiller o profesional titulado en ciencias de la comunicaci\u00f3n, comunicaci\u00f3n social, marketing, pedagog\u00eda, ciencias administrativas, ingenier\u00eda industrial, ciencias agrarias, ciencias pecuarias o carreras afines.\u00a0<\/li>\n\n\n\n<li>Experiencia en facilitaci\u00f3n y\/o capacitaci\u00f3n y\/o asesor\u00edas y\/o asistencia t\u00e9cnica en al menos 01 servicio similar o af\u00edn al presente.<\/li>\n\n\n\n<li>Deseables conocimientos de gesti\u00f3n de cooperativas, fortalecimiento de organizaciones de productores de caf\u00e9 y cacao y del modelo cooperativo.<\/li>\n\n\n\n<li>Manejo del enfoque por competencias, conocimientos sobre enfoque de educaci\u00f3n para adultos y t\u00e9cnicas de animaci\u00f3n sociocultural.<\/li>\n\n\n\n<li>Disponibilidad a viajar al interior del pa\u00eds.<\/li>\n\n\n\n<li>Abstenerse las personas que no cumplan los requisitos.<\/li>\n\n\n\n<li>N\u00ba de plazas: uno (01), un facilitador.<\/li>\n<\/ol>\n\n\n\n<p class=\"has-text-align-center\" style=\"font-size:30px\"><strong><a href=\"https:\/\/drive.google.com\/file\/d\/11CyEApOX3qc2qyppEFHqVY9Tfa4Qtmhy\/view?usp=sharing\" target=\"_blank\" rel=\"noreferrer noopener\">VER T\u00c9RMINOS DE REFERENCIA<\/a><\/strong><\/p>\n\n\n\n<p><strong>CRONOGRAMA<\/strong><\/p>\n\n\n\n<ol start=\"1\" style=\"list-style-type:lower-alpha\" class=\"wp-block-list\">\n<li>Publicaci\u00f3n del TDR: 29 de abril de 2026<\/li>\n\n\n\n<li>Recepci\u00f3n de C.V. documentado y Propuesta T\u00e9cnica &#8211; Econ\u00f3mica: <strong>29 de abril al 07 de<\/strong> <strong>mayo de 2026<\/strong><\/li>\n\n\n\n<li>Entrevistas a preseleccionados (as): 08 de mayo de 2026<\/li>\n\n\n\n<li>Selecci\u00f3n de 01 facilitador (a): 08 de mayo de 2026<\/li>\n\n\n\n<li>Comunicado al seleccionado\/a: 09 de mayo de 2026<\/li>\n\n\n\n<li>Firma de contrato: 11 de mayo de 2026<\/li>\n<\/ol>\n\n\n\n<ol start=\"3\" style=\"list-style-type:lower-alpha\" class=\"wp-block-list\"><\/ol>\n\n\n\n<p>Los interesados que cumplen los requisitos pueden enviar su C.V. documentado y Propuesta T\u00e9cnica &#8211; Econ\u00f3mica, consignando en asunto <strong>FACILITADOR ELCA M\u00d3DULO 6 <\/strong>a la siguiente direcci\u00f3n electr\u00f3nica: <strong><a href=\"mailto:convocatorias@centralcafeycacao.org\">convocatorias@centralcafeycacao.org<\/a><\/strong><\/p>\n\n\n\n<p class=\"has-text-align-center\"><a href=\"https:\/\/redinfor.com.pe\/portal\/2019\/04\/24\/fundraising-estrategias-de-captacion-de-fondos-para-ongds\/\" target=\"_blank\" rel=\"noreferrer noopener\"><img decoding=\"async\" src=\" https:\/\/redinfor.com.pe\/Avisos\/ECF\/ECF_advisor_large.jpg \"><\/a><\/p>\n","protected":false},"excerpt":{"rendered":"<p>CENTRAL DE ORGANIZACIONES DE PRODUCTORES DE CAF\u00c9 Y CACAO DEL PERU REQUERIMIENTO DE SERVICIO DE CAPACITACI\u00d3N DEL M\u00d3DULO FORMATIVO 6: COMUNICACI\u00d3N Y MARKETING DEL PROGRAMA DE FORMACI\u00d3N ESCUELA DE L\u00cdDERES&hellip; <\/p>\n","protected":false},"author":1,"featured_media":8798,"comment_status":"closed","ping_status":"closed","sticky":false,"template":"","format":"standard","meta":{"footnotes":""},"categories":[406],"tags":[139,1820,4956,865,423,621,19,2622,1879,146,413,437,605,5580,1041,623,4990,456,425,5738,728,410,454,3305,134,639,105,563,4145],"class_list":["post-52855","post","type-post","status-publish","format-standard","has-post-thumbnail","hentry","category-convoca_pub","tag-administracion","tag-agrarios","tag-agronoma","tag-agronomia","tag-agronomo","tag-asistencia","tag-capacitacion","tag-central-cafe-y-cacao","tag-chanchamayo","tag-ciencias","tag-ciencias-agrarias","tag-comunicacion","tag-comunicaciones","tag-cooperativistas","tag-facilitacion","tag-industrial","tag-ingeniera","tag-ingenieria","tag-ingeniero","tag-instructores","tag-junin","tag-lideres","tag-marketing","tag-pecuarias","tag-pedagogia","tag-servicio","tag-social","tag-tecnica","tag-unalm"],"_links":{"self":[{"href":"https:\/\/redinfor.com.pe\/portal\/wp-json\/wp\/v2\/posts\/52855","targetHints":{"allow":["GET"]}}],"collection":[{"href":"https:\/\/redinfor.com.pe\/portal\/wp-json\/wp\/v2\/posts"}],"about":[{"href":"https:\/\/redinfor.com.pe\/portal\/wp-json\/wp\/v2\/types\/post"}],"author":[{"embeddable":true,"href":"https:\/\/redinfor.com.pe\/portal\/wp-json\/wp\/v2\/users\/1"}],"replies":[{"embeddable":true,"href":"https:\/\/redinfor.com.pe\/portal\/wp-json\/wp\/v2\/comments?post=52855"}],"version-history":[{"count":1,"href":"https:\/\/redinfor.com.pe\/portal\/wp-json\/wp\/v2\/posts\/52855\/revisions"}],"predecessor-version":[{"id":52856,"href":"https:\/\/redinfor.com.pe\/portal\/wp-json\/wp\/v2\/posts\/52855\/revisions\/52856"}],"wp:featuredmedia":[{"embeddable":true,"href":"https:\/\/redinfor.com.pe\/portal\/wp-json\/wp\/v2\/media\/8798"}],"wp:attachment":[{"href":"https:\/\/redinfor.com.pe\/portal\/wp-json\/wp\/v2\/media?parent=52855"}],"wp:term":[{"taxonomy":"category","embeddable":true,"href":"https:\/\/redinfor.com.pe\/portal\/wp-json\/wp\/v2\/categories?post=52855"},{"taxonomy":"post_tag","embeddable":true,"href":"https:\/\/redinfor.com.pe\/portal\/wp-json\/wp\/v2\/tags?post=52855"}],"curies":[{"name":"wp","href":"https:\/\/api.w.org\/{rel}","templated":true}]}}