{"id":52863,"date":"2026-04-29T15:43:19","date_gmt":"2026-04-29T20:43:19","guid":{"rendered":"https:\/\/redinfor.com.pe\/portal\/?p=52863"},"modified":"2026-04-29T15:43:21","modified_gmt":"2026-04-29T20:43:21","slug":"ecuador-convocatoria-de-gerente-del-proyecto-accion-paramos","status":"publish","type":"post","link":"https:\/\/redinfor.com.pe\/portal\/2026\/04\/29\/ecuador-convocatoria-de-gerente-del-proyecto-accion-paramos\/","title":{"rendered":"[ECUADOR] CONVOCATORIA DE GERENTE DEL PROYECTO ACCI\u00d3N P\u00c1RAMOS"},"content":{"rendered":"\n<p><strong>Education, experience, skills and abilities:<\/strong><\/p>\n\n\n\n<ul class=\"wp-block-list\">\n<li>Profesional de cuarto nivel en gesti\u00f3n ambiental, ciencias biol\u00f3gicas o afines, administraci\u00f3n y\/o econom\u00eda ambiental, con conocimiento en gesti\u00f3n de proyectos.<\/li>\n\n\n\n<li>M\u00ednimo 10 a\u00f1os de experiencia demostrable en la gesti\u00f3n de proyectos relacionados con ambiente y los recursos naturales, preferiblemente en proyectos del GEF.<\/li>\n\n\n\n<li>Experiencia en la gesti\u00f3n y ejecuci\u00f3n de proyectos de cooperaci\u00f3n internacional, en particular los destinados a la conservaci\u00f3n de la naturaleza y\/o la gesti\u00f3n de los recursos naturales.<\/li>\n\n\n\n<li>Al menos 5 a\u00f1os de experiencia en gesti\u00f3n basada en resultados, elaboraci\u00f3n y ejecuci\u00f3n de presupuestos, preparaci\u00f3n de informes t\u00e9cnicos y financieros, seguimiento y monitoreo.<\/li>\n\n\n\n<li>Experiencia en la ejecuci\u00f3n de proyectos en estrecha colaboraci\u00f3n con comunidades rurales y gobiernos locales.<\/li>\n\n\n\n<li>Se valorar\u00e1 la experiencia y los conocimientos en materia de conservaci\u00f3n de la biodiversidad, producci\u00f3n sostenible y restauraci\u00f3n de ecosistemas, gobernanza participativa, financiaci\u00f3n ambiental y gesti\u00f3n del conocimiento.<\/li>\n\n\n\n<li>Capacidad demostrada en supervisi\u00f3n de equipos multidisciplinarios, coordinaci\u00f3n con actores de diversos sectores, facilitaci\u00f3n de procesos y facilidad de comunicaci\u00f3n escrita y oral.<\/li>\n\n\n\n<li>Excelente nivel en el manejo del idioma espa\u00f1ol (hablado y escrito) y buen nivel en el manejo del idioma ingl\u00e9s (hablado y escrito).<\/li>\n\n\n\n<li>Disponibilidad para viajar con frecuencia a los paisajes del proyecto y otros p\u00e1ramos del Ecuador.<\/li>\n<\/ul>\n\n\n\n<p class=\"has-text-align-center\" style=\"font-size:30px\"><strong><a href=\"https:\/\/drive.google.com\/file\/d\/1CmCPZBDtvaq6Ba60YurJBAYoCORxCHr2\/view?usp=sharing\" target=\"_blank\" rel=\"noreferrer noopener\">VER T\u00c9RMINOS DE REFERENCIA<\/a><\/strong><\/p>\n\n\n\n<p><strong>Las personas interesadas deber\u00e1n enviar sus hojas de vida y cartas de inter\u00e9s, incluyendo su aspiraci\u00f3n salarial, al correo&nbsp;<a href=\"mailto:recursoshumanos@conservation.org\">recursoshumanos@conservation.org<\/a>&nbsp;hasta el&nbsp;20 de mayo de 2026.<\/strong><\/p>\n\n\n\n<p class=\"has-text-align-center\"><a href=\"https:\/\/redinfor.com.pe\/portal\/2019\/04\/24\/responsabilidad-social-empresarial-y-relaciones-comunitarias\/\" target=\"_blank\" rel=\"noreferrer noopener\"><img decoding=\"async\" src=\" https:\/\/redinfor.com.pe\/Avisos\/RSE\/RSE_advisor_large.jpg \"><\/a><\/p>\n\n\n\n<p><\/p>\n","protected":false},"excerpt":{"rendered":"<p>Education, experience, skills and abilities: VER T\u00c9RMINOS DE REFERENCIA Las personas interesadas deber\u00e1n enviar sus hojas de vida y cartas de inter\u00e9s, incluyendo su aspiraci\u00f3n salarial, al correo&nbsp;recursoshumanos@conservation.org&nbsp;hasta el&nbsp;20 de&hellip; <\/p>\n","protected":false},"author":3,"featured_media":5758,"comment_status":"closed","ping_status":"closed","sticky":false,"template":"","format":"standard","meta":{"footnotes":""},"categories":[406],"tags":[1245,139,607,437,783,90,66,53,528,323,456,4424,141,67],"class_list":["post-52863","post","type-post","status-publish","format-standard","has-post-thumbnail","hentry","category-convoca_pub","tag-accion","tag-administracion","tag-administradora","tag-comunicacion","tag-conservacion","tag-desarrollo","tag-evaluacion","tag-genero","tag-gerente","tag-gestion","tag-ingenieria","tag-paramos","tag-programas","tag-proyectos"],"_links":{"self":[{"href":"https:\/\/redinfor.com.pe\/portal\/wp-json\/wp\/v2\/posts\/52863","targetHints":{"allow":["GET"]}}],"collection":[{"href":"https:\/\/redinfor.com.pe\/portal\/wp-json\/wp\/v2\/posts"}],"about":[{"href":"https:\/\/redinfor.com.pe\/portal\/wp-json\/wp\/v2\/types\/post"}],"author":[{"embeddable":true,"href":"https:\/\/redinfor.com.pe\/portal\/wp-json\/wp\/v2\/users\/3"}],"replies":[{"embeddable":true,"href":"https:\/\/redinfor.com.pe\/portal\/wp-json\/wp\/v2\/comments?post=52863"}],"version-history":[{"count":1,"href":"https:\/\/redinfor.com.pe\/portal\/wp-json\/wp\/v2\/posts\/52863\/revisions"}],"predecessor-version":[{"id":52864,"href":"https:\/\/redinfor.com.pe\/portal\/wp-json\/wp\/v2\/posts\/52863\/revisions\/52864"}],"wp:featuredmedia":[{"embeddable":true,"href":"https:\/\/redinfor.com.pe\/portal\/wp-json\/wp\/v2\/media\/5758"}],"wp:attachment":[{"href":"https:\/\/redinfor.com.pe\/portal\/wp-json\/wp\/v2\/media?parent=52863"}],"wp:term":[{"taxonomy":"category","embeddable":true,"href":"https:\/\/redinfor.com.pe\/portal\/wp-json\/wp\/v2\/categories?post=52863"},{"taxonomy":"post_tag","embeddable":true,"href":"https:\/\/redinfor.com.pe\/portal\/wp-json\/wp\/v2\/tags?post=52863"}],"curies":[{"name":"wp","href":"https:\/\/api.w.org\/{rel}","templated":true}]}}