{"id":52865,"date":"2026-04-29T15:48:31","date_gmt":"2026-04-29T20:48:31","guid":{"rendered":"https:\/\/redinfor.com.pe\/portal\/?p=52865"},"modified":"2026-04-29T15:48:33","modified_gmt":"2026-04-29T20:48:33","slug":"ecuador-convocatoria-de-coordinador-de-seguridad-y-proteccion","status":"publish","type":"post","link":"https:\/\/redinfor.com.pe\/portal\/2026\/04\/29\/ecuador-convocatoria-de-coordinador-de-seguridad-y-proteccion\/","title":{"rendered":"[ECUADOR] CONVOCATORIA DE COORDINADOR DE SEGURIDAD Y PROTECCI\u00d3N"},"content":{"rendered":"\n<p><strong>REQUISITOS&nbsp;<\/strong><\/p>\n\n\n\n<ul class=\"wp-block-list\">\n<li>Formaci\u00f3n: T\u00edtulo universitario en desarrollo social, seguridad, gesti\u00f3n de riesgos, resoluci\u00f3n de conflictos o un campo relacionado.\u00a0<\/li>\n\n\n\n<li>Experiencia: Al menos 5 a\u00f1os de experiencia en an\u00e1lisis de riesgos de seguridad y\/o evaluaciones de campo, preferiblemente en proyectos de desarrollo, conservaci\u00f3n o comunitarios.\u00a0<\/li>\n\n\n\n<li>Capacidad demostrada para preparar evaluaciones de seguridad y gesti\u00f3n de riesgos e implementar medidas pr\u00e1cticas de seguridad en entornos desafiantes.\u00a0<\/li>\n\n\n\n<li>Habilidades de coordinaci\u00f3n: Experiencia demostrada en coordinar personal, recursos y recursos, asegurando el cumplimiento de los protocolos de seguridad y movilidad.\u00a0<\/li>\n\n\n\n<li>Fuerte capacidad para mantener una comunicaci\u00f3n efectiva con equipos, socios y autoridades locales.\u00a0<\/li>\n\n\n\n<li>Conocimientos t\u00e9cnicos: Familiaridad con los principios de seguridad f\u00edsica, gesti\u00f3n de conflictos y seguridad operativa en contextos rurales y urbanos.\u00a0<\/li>\n\n\n\n<li>Experiencia en gesti\u00f3n de flotas de veh\u00edculos, planificaci\u00f3n log\u00edstica y seguimiento de la seguridad de los viajes del personal.\u00a0<\/li>\n\n\n\n<li>Competencia operativa: Capacitado en la implementaci\u00f3n de protocolos de seguridad, gesti\u00f3n de inventarios y equipos de campo, y apoyo a la respuesta ante emergencias.\u00a0<\/li>\n\n\n\n<li>Certificaciones en el Sistema de Comando de incidentes.\u00a0<\/li>\n\n\n\n<li>Capacidad para trabajar con comunidades y partes interesadas diversas en entornos complejos.\u00a0<\/li>\n<\/ul>\n\n\n\n<p class=\"has-text-align-center\"><a href=\"https:\/\/redinfor.com.pe\/portal\/2019\/04\/24\/metodologias-de-capacitacion-para-poblaciones-rurales\/\" target=\"_blank\" rel=\"noreferrer noopener\"><img decoding=\"async\" src=\" https:\/\/www.redinfor.com.pe\/Avisos\/MCPR\/MCPR_advisor.jpg \"><\/a><\/p>\n\n\n\n<p><strong>Conocimiento&nbsp;<\/strong><\/p>\n\n\n\n<ul class=\"wp-block-list\">\n<li>Suite Microsoft Office eficiente\u00a0<\/li>\n\n\n\n<li>INGL\u00c9S: Intermedio &#8211; Avanzado\u00a0<\/li>\n\n\n\n<li>Conocimientos en el uso y mantenimiento de equipos de campo (GPS, radios, drones, etc.).<\/li>\n\n\n\n<li>Conocimiento sobre seguridad de la informaci\u00f3n y protecci\u00f3n de activos.\u00a0<\/li>\n\n\n\n<li>Deseable: conocimientos de primeros auxilios, manejo de drones, radios de comunicaci\u00f3n y herramientas de georreferenciaci\u00f3n.\u00a0<\/li>\n<\/ul>\n\n\n\n<p><strong>Habilidades personales:&nbsp;<\/strong><\/p>\n\n\n\n<ul class=\"wp-block-list\">\n<li>Altas habilidades organizativas, planificaci\u00f3n y atenci\u00f3n al detalle.\u00a0<\/li>\n\n\n\n<li>Capacidad para trabajar bajo presi\u00f3n y tomar decisiones en situaciones de riesgo.<\/li>\n\n\n\n<li>Excelentes habilidades de comunicaci\u00f3n, negociaci\u00f3n y relaciones con diversos actores (comunidades, autoridades, proveedores).\u00a0<\/li>\n\n\n\n<li>Proactividad, autonom\u00eda y enfoque en soluciones.\u00a0<\/li>\n<\/ul>\n\n\n\n<p><strong>Otros requisitos:&nbsp;<\/strong><\/p>\n\n\n\n<ul class=\"wp-block-list\">\n<li>Disponibilidad para visitas frecuentes a las \u00e1reas de intervenci\u00f3n.\u00a0<\/li>\n\n\n\n<li>Carn\u00e9 de conducir v\u00e1lido.\u00a0<\/li>\n\n\n\n<li>Conocimiento del contexto territorial y de los actores locales en las zonas costeras de Ecuador.<\/li>\n<\/ul>\n\n\n\n<p class=\"has-text-align-center\" style=\"font-size:30px\"><strong><a href=\"https:\/\/drive.google.com\/file\/d\/1dZZ_YeF3mShtLFZfnDdZmmr6fH7Sc3jx\/view?usp=sharing\" target=\"_blank\" rel=\"noreferrer noopener\">VER T\u00c9RMINOS DE REFERENCIA<\/a><\/strong><\/p>\n\n\n\n<p><strong>Las personas interesadas deber\u00e1n enviar su hoja de vida y carta de inter\u00e9s&nbsp; incluyendo aspiraci\u00f3n salarial al correo <a href=\"mailto:recursoshumanosec@conservation.org\">recursoshumanosec@conservation.org<\/a> &nbsp;hasta&nbsp; el 20 de mayo de 2026.<\/strong><\/p>\n\n\n\n<p class=\"has-text-align-center\"><a href=\"https:\/\/redinfor.com.pe\/portal\/2019\/11\/06\/diseno-y-metodos-de-evaluacion-de-impacto\/\" target=\"_blank\" rel=\"noreferrer noopener\"><img decoding=\"async\" src=\" https:\/\/redinfor.com.pe\/Avisos\/DMEI\/DMEI_advisor_large.jpg \"><\/a><\/p>\n","protected":false},"excerpt":{"rendered":"<p>REQUISITOS&nbsp; Conocimiento&nbsp; Habilidades personales:&nbsp; Otros requisitos:&nbsp; VER T\u00c9RMINOS DE REFERENCIA Las personas interesadas deber\u00e1n enviar su hoja de vida y carta de inter\u00e9s&nbsp; incluyendo aspiraci\u00f3n salarial al correo recursoshumanosec@conservation.org &nbsp;hasta&nbsp;&hellip; <\/p>\n","protected":false},"author":3,"featured_media":5758,"comment_status":"closed","ping_status":"closed","sticky":false,"template":"","format":"standard","meta":{"footnotes":""},"categories":[406],"tags":[139,437,147,452,66,53,323,799,456,141,802,67,786],"class_list":["post-52865","post","type-post","status-publish","format-standard","has-post-thumbnail","hentry","category-convoca_pub","tag-administracion","tag-comunicacion","tag-conocimiento","tag-coordinador","tag-evaluacion","tag-genero","tag-gestion","tag-implementacion","tag-ingenieria","tag-programas","tag-proteccion","tag-proyectos","tag-riesgos"],"_links":{"self":[{"href":"https:\/\/redinfor.com.pe\/portal\/wp-json\/wp\/v2\/posts\/52865","targetHints":{"allow":["GET"]}}],"collection":[{"href":"https:\/\/redinfor.com.pe\/portal\/wp-json\/wp\/v2\/posts"}],"about":[{"href":"https:\/\/redinfor.com.pe\/portal\/wp-json\/wp\/v2\/types\/post"}],"author":[{"embeddable":true,"href":"https:\/\/redinfor.com.pe\/portal\/wp-json\/wp\/v2\/users\/3"}],"replies":[{"embeddable":true,"href":"https:\/\/redinfor.com.pe\/portal\/wp-json\/wp\/v2\/comments?post=52865"}],"version-history":[{"count":1,"href":"https:\/\/redinfor.com.pe\/portal\/wp-json\/wp\/v2\/posts\/52865\/revisions"}],"predecessor-version":[{"id":52866,"href":"https:\/\/redinfor.com.pe\/portal\/wp-json\/wp\/v2\/posts\/52865\/revisions\/52866"}],"wp:featuredmedia":[{"embeddable":true,"href":"https:\/\/redinfor.com.pe\/portal\/wp-json\/wp\/v2\/media\/5758"}],"wp:attachment":[{"href":"https:\/\/redinfor.com.pe\/portal\/wp-json\/wp\/v2\/media?parent=52865"}],"wp:term":[{"taxonomy":"category","embeddable":true,"href":"https:\/\/redinfor.com.pe\/portal\/wp-json\/wp\/v2\/categories?post=52865"},{"taxonomy":"post_tag","embeddable":true,"href":"https:\/\/redinfor.com.pe\/portal\/wp-json\/wp\/v2\/tags?post=52865"}],"curies":[{"name":"wp","href":"https:\/\/api.w.org\/{rel}","templated":true}]}}