{"id":52867,"date":"2026-04-29T16:08:24","date_gmt":"2026-04-29T21:08:24","guid":{"rendered":"https:\/\/redinfor.com.pe\/portal\/?p=52867"},"modified":"2026-04-29T16:08:27","modified_gmt":"2026-04-29T21:08:27","slug":"ecuador-convocatoria-de-facilitadora-para-el-taller-de-aprovechamiento-de-residuos-inorganicos","status":"publish","type":"post","link":"https:\/\/redinfor.com.pe\/portal\/2026\/04\/29\/ecuador-convocatoria-de-facilitadora-para-el-taller-de-aprovechamiento-de-residuos-inorganicos\/","title":{"rendered":"[ECUADOR] CONVOCATORIA DE FACILITADOR(A) PARA EL TALLER DE APROVECHAMIENTO DE RESIDUOS INORG\u00c1NICOS"},"content":{"rendered":"\n<p><strong>Objetivo de la contrataci\u00f3n\u00a0<\/strong><br>Contratar a un\/a facilitador\/a para el dise\u00f1o e implementaci\u00f3n de un Taller de\u00a0 Aprovechamiento de Residuos, orientado al fortalecimiento de capacidades productivas de\u00a0 emprendedoras y emprendedores promoviendo pr\u00e1cticas de econom\u00eda circular y brindando\u00a0 herramientas que ampl\u00eden sus posibilidades de creaci\u00f3n e innovaci\u00f3n a partir del uso de\u00a0 materiales reciclados, la clasificaci\u00f3n de residuos inorg\u00e1nicos y el tratamiento de\u00a0 material textil y madera reciclada como conocimientos complementarios para sus\u00a0 emprendimientos.<\/p>\n\n\n\n<p class=\"has-text-align-center\"><a href=\"https:\/\/redinfor.com.pe\/portal\/2019\/04\/24\/responsabilidad-social-empresarial-y-relaciones-comunitarias\/\" target=\"_blank\" rel=\"noreferrer noopener\"><img decoding=\"async\" src=\" https:\/\/www.redinfor.com.pe\/Avisos\/RSE\/RSE_advisor.jpg \"><\/a><\/p>\n\n\n\n<p><strong>Perfil requerido&nbsp;<\/strong><\/p>\n\n\n\n<ul class=\"wp-block-list\">\n<li>Profesional o t\u00e9cnico\/a en \u00e1reas ambientales, tales como: ingenier\u00eda ambiental, gesti\u00f3n\u00a0 ambiental, ciencias ambientales, ecolog\u00eda, desarrollo sostenible o afines.<\/li>\n\n\n\n<li>Formaci\u00f3n complementaria o conocimiento en los siguientes campos: econom\u00eda\u00a0 circular y sostenibilidad (indispensable), derechos humanos, igualdad de g\u00e9nero.\u00a0<\/li>\n\n\n\n<li>Experiencia en clasificaci\u00f3n de residuos y\/o tratamiento de materiales reciclados\u00a0 (especialmente madera).\u00a0<\/li>\n\n\n\n<li>Experiencia de trabajo con comunidades o equipos t\u00e9cnicos en contextos de\u00a0 vulnerabilidad social (deseable).\u00a0\u00a0<\/li>\n\n\n\n<li>Capacidad para dise\u00f1ar contenidos formativos, materiales pedag\u00f3gicos y herramientas\u00a0 de evaluaci\u00f3n de aprendizaje desde un enfoque participativo, de educaci\u00f3n popular o\u00a0 de aprendizaje para adultos.\u00a0<\/li>\n\n\n\n<li>Habilidades de facilitaci\u00f3n, comunicaci\u00f3n efectiva, manejo de grupos y adaptaci\u00f3n de\u00a0 contenidos a distintos contextos territoriales.\u00a0\u00a0<\/li>\n\n\n\n<li>Disponibilidad inmediata para iniciar las actividades y para movilizarse a los territorios\u00a0 seg\u00fan el cronograma establecido.<\/li>\n<\/ul>\n\n\n\n<p class=\"has-text-align-center\" style=\"font-size:30px\"><strong><a href=\"https:\/\/drive.google.com\/file\/d\/1Zs_pROI5vz_Ghh6iEzdTRgb3NaBZZlq6\/view?usp=sharing\" target=\"_blank\" rel=\"noreferrer noopener\">VER T\u00c9RMINOS DE REFERENCIA<\/a><\/strong><\/p>\n\n\n\n<p><strong>Presentaci\u00f3n de propuestas&nbsp;<\/strong><strong>Las personas interesadas deber\u00e1n remitir la siguiente documentaci\u00f3n en formato PDF al&nbsp; correo electr\u00f3nico: <a href=\"mailto:contacto@hogardecristo.org.ec\">contacto@hogardecristo.org.ec<\/a><\/strong><\/p>\n\n\n\n<p class=\"has-text-align-center\"><a href=\"https:\/\/redinfor.com.pe\/portal\/2019\/04\/24\/metodologias-de-capacitacion-para-poblaciones-rurales\/\" target=\"_blank\" rel=\"noreferrer noopener\"><img decoding=\"async\" src=\" https:\/\/redinfor.com.pe\/Avisos\/MCPR\/MCPR_advisor_large.jpg \"><\/a><\/p>\n\n\n\n<p><\/p>\n","protected":false},"excerpt":{"rendered":"<p>Objetivo de la contrataci\u00f3n\u00a0Contratar a un\/a facilitador\/a para el dise\u00f1o e implementaci\u00f3n de un Taller de\u00a0 Aprovechamiento de Residuos, orientado al fortalecimiento de capacidades productivas de\u00a0 emprendedoras y emprendedores promoviendo&hellip; <\/p>\n","protected":false},"author":3,"featured_media":46628,"comment_status":"closed","ping_status":"closed","sticky":false,"template":"","format":"standard","meta":{"footnotes":""},"categories":[406],"tags":[139,538,437,90,2101,264,66,53,323,425,141,67,359],"class_list":["post-52867","post","type-post","status-publish","format-standard","has-post-thumbnail","hentry","category-convoca_pub","tag-administracion","tag-ambientales","tag-comunicacion","tag-desarrollo","tag-ecologia","tag-economia","tag-evaluacion","tag-genero","tag-gestion","tag-ingeniero","tag-programas","tag-proyectos","tag-sostenibilidad"],"_links":{"self":[{"href":"https:\/\/redinfor.com.pe\/portal\/wp-json\/wp\/v2\/posts\/52867","targetHints":{"allow":["GET"]}}],"collection":[{"href":"https:\/\/redinfor.com.pe\/portal\/wp-json\/wp\/v2\/posts"}],"about":[{"href":"https:\/\/redinfor.com.pe\/portal\/wp-json\/wp\/v2\/types\/post"}],"author":[{"embeddable":true,"href":"https:\/\/redinfor.com.pe\/portal\/wp-json\/wp\/v2\/users\/3"}],"replies":[{"embeddable":true,"href":"https:\/\/redinfor.com.pe\/portal\/wp-json\/wp\/v2\/comments?post=52867"}],"version-history":[{"count":1,"href":"https:\/\/redinfor.com.pe\/portal\/wp-json\/wp\/v2\/posts\/52867\/revisions"}],"predecessor-version":[{"id":52868,"href":"https:\/\/redinfor.com.pe\/portal\/wp-json\/wp\/v2\/posts\/52867\/revisions\/52868"}],"wp:featuredmedia":[{"embeddable":true,"href":"https:\/\/redinfor.com.pe\/portal\/wp-json\/wp\/v2\/media\/46628"}],"wp:attachment":[{"href":"https:\/\/redinfor.com.pe\/portal\/wp-json\/wp\/v2\/media?parent=52867"}],"wp:term":[{"taxonomy":"category","embeddable":true,"href":"https:\/\/redinfor.com.pe\/portal\/wp-json\/wp\/v2\/categories?post=52867"},{"taxonomy":"post_tag","embeddable":true,"href":"https:\/\/redinfor.com.pe\/portal\/wp-json\/wp\/v2\/tags?post=52867"}],"curies":[{"name":"wp","href":"https:\/\/api.w.org\/{rel}","templated":true}]}}