{"id":52871,"date":"2026-04-29T16:14:28","date_gmt":"2026-04-29T21:14:28","guid":{"rendered":"https:\/\/redinfor.com.pe\/portal\/?p=52871"},"modified":"2026-04-29T16:14:30","modified_gmt":"2026-04-29T21:14:30","slug":"peru-convocatoria-de-analista-de-proyectos-de-ruralia","status":"publish","type":"post","link":"https:\/\/redinfor.com.pe\/portal\/2026\/04\/29\/peru-convocatoria-de-analista-de-proyectos-de-ruralia\/","title":{"rendered":"[PER\u00da] CONVOCATORIA DE ANALISTA DE PROYECTOS DE RURALIA"},"content":{"rendered":"\n<p><strong>somos?\u00a0<\/strong><br>Es Hoy es un movimiento de m\u00e1s de 60 l\u00edderes empresariales que trabaja sobre los desaf\u00edos impostergables del Per\u00fa, articulando esfuerzos con actores clave de la sociedad civil, el Estado y la academia para impulsar soluciones sostenibles de impacto, con el objetivo de lograr un pa\u00eds m\u00e1s pr\u00f3spero.\u00a0<\/p>\n\n\n\n<p><strong>Sobre Ruralia\u00a0<\/strong><br>La primera aceleradora de la educaci\u00f3n rural del Per\u00fa impulsada por el sector privado, que articula al ecosistema educativo rural e impulsa programas formativos, para que intervenciones implementadas por actores civiles, p\u00fablicos o privados, puedan escalar su impacto y generar evidencia que aporte al cierre de brechas y a la pol\u00edtica p\u00fablica.\u00a0<\/p>\n\n\n\n<p><strong>\u00bfQu\u00e9 buscamos?\u00a0<\/strong><br>Buscamos a un\/a Analista de Proyectos con alta capacidad de organizaci\u00f3n y ejecuci\u00f3n, que contribuya al acompa\u00f1amiento de organizaciones y a la gesti\u00f3n de informaci\u00f3n del programa. Este rol es clave para asegurar la implementaci\u00f3n operativa de Ruralia y la generaci\u00f3n de evidencia para la toma de decisiones.\u00a0<\/p>\n\n\n\n<p class=\"has-text-align-center\"><a href=\"https:\/\/redinfor.com.pe\/portal\/2019\/02\/20\/diseno-y-formulacion-de-proyectos-sociales\/\" target=\"_blank\" rel=\"noreferrer noopener\"><img decoding=\"async\" src=\"https:\/\/www.redinfor.com.pe\/Avisos\/DFPS\/DFPS_advisor.jpg\"><\/a><\/p>\n\n\n\n<p><strong>Responsabilidades principales&nbsp;<\/strong><\/p>\n\n\n\n<ul class=\"wp-block-list\">\n<li>Gestionar y analizar la data del ecosistema educativo rural, contribuyendo a la calidad y disponibilidad de los datos, as\u00ed como a su visibilidad externa a trav\u00e9s de herramientas digitales\u00a0<\/li>\n\n\n\n<li>Apoyar en el proceso de acompa\u00f1amiento a las organizaciones, realizando seguimiento a sus planes de trabajo y brindando soporte operativo durante el proceso\u00a0<\/li>\n\n\n\n<li>Brindar soporte en el monitoreo y evaluaci\u00f3n a las organizaciones beneficiarias de Ruralia que incluye recolecci\u00f3n, sistematizaci\u00f3n y an\u00e1lisis de informaci\u00f3n cualitativa y cuantitativa\u00a0<\/li>\n\n\n\n<li>Dar soporte a las estrategias y actividades implementadas por Ruralia, haciendo seguimiento a avances y resultados\u00a0<\/li>\n\n\n\n<li>Coordinar con diversos actores del ecosistema para el desarrollo de actividades conjuntas y logro de objetivos de Ruralia\u00a0<\/li>\n\n\n\n<li>Colaborar en otras tareas necesarias para el cumplimiento de los objetivos del Frente de Educaci\u00f3n\u00a0<\/li>\n<\/ul>\n\n\n\n<p><strong>Requisitos del puesto\u00a0<\/strong><br><strong>Educaci\u00f3n:\u00a0<\/strong><br>Bachiller o licenciado\/a en ciencias sociales, econom\u00eda, administraci\u00f3n, ingenier\u00eda industrial, gesti\u00f3n, educaci\u00f3n o carreras afines.\u00a0<\/p>\n\n\n\n<p><strong>Experiencia y habilidades&nbsp;<\/strong><\/p>\n\n\n\n<ul class=\"wp-block-list\">\n<li>M\u00ednimo 2 a\u00f1os de experiencia en gesti\u00f3n de proyectos, programas sociales o educativos\u00a0<\/li>\n\n\n\n<li>Experiencia en seguimiento de actividades, coordinaci\u00f3n con m\u00faltiples actores y gesti\u00f3n operativa\u00a0<\/li>\n\n\n\n<li>Capacidad para organizar informaci\u00f3n y hacer seguimiento a m\u00faltiples procesos simult\u00e1neamente\u00a0<\/li>\n\n\n\n<li>Capacidad para analizar y usar informaci\u00f3n para la toma de decisiones<\/li>\n\n\n\n<li>Alta proactividad, responsabilidad y atenci\u00f3n al detalle\u00a0<\/li>\n\n\n\n<li>Trabajo en equipo\u00a0<\/li>\n\n\n\n<li>Vocaci\u00f3n de servicio y compromiso con el desarrollo del pa\u00eds\u00a0<\/li>\n\n\n\n<li>Disponibilidad para trabajar en modalidad h\u00edbrida y realizar viajes a nivel nacional\u00a0<\/li>\n<\/ul>\n\n\n\n<p><strong>Conocimientos&nbsp;<\/strong><\/p>\n\n\n\n<ul class=\"wp-block-list\">\n<li>Gesti\u00f3n y seguimiento de proyectos\u00a0<\/li>\n\n\n\n<li>Manejo de bases de datos y an\u00e1lisis de informaci\u00f3n\u00a0<\/li>\n\n\n\n<li>Dominio de Excel y herramientas de Google Workspace\u00a0<\/li>\n\n\n\n<li>Deseable: experiencia en educaci\u00f3n rural, conocimientos en monitoreo y evaluaci\u00f3n de proyectos sociales, manejo de herramientas de visualizaci\u00f3n de datos, y dominio del idioma ingl\u00e9s (nivel intermedio\/avanzado)\u00a0<\/li>\n<\/ul>\n\n\n\n<p><strong>Proceso de postulaci\u00f3n\u00a0<\/strong><br><strong>Documentos a presentar\u00a0<\/strong><\/p>\n\n\n\n<ul class=\"wp-block-list\">\n<li>Curriculum Vitae (no documentado)\u00a0<\/li>\n\n\n\n<li>Carta de motivaci\u00f3n para postular al puesto y contribuir a Ruralia\u00a0<\/li>\n<\/ul>\n\n\n\n<p><strong>Cronograma\u00a0<\/strong><br><strong>Postulaciones:<\/strong> Del 28 de abril al 5 de mayo\u00a0<br><strong>Entrevistas:<\/strong> Del 6 al 11 de mayo\u00a0<\/p>\n\n\n\n<p><strong>Anuncio de persona seleccionada:<\/strong> Semana del 18 de mayo\u00a0<strong>Para postular, te pedimos llenar el siguiente formulario hasta el 5 de mayo: <a href=\"https:\/\/forms.gle\/Qh2qbSxqLAVx9sef8\" target=\"_blank\" rel=\"noreferrer noopener\">https:\/\/forms.gle\/Qh2qbSxqLAVx9sef8<\/a><\/strong><\/p>\n\n\n\n<p class=\"has-text-align-center\"><a href=\"https:\/\/redinfor.com.pe\/portal\/2019\/04\/24\/fundraising-estrategias-de-captacion-de-fondos-para-ongds\/\" target=\"_blank\" rel=\"noreferrer noopener\"><img decoding=\"async\" src=\" https:\/\/redinfor.com.pe\/Avisos\/ECF\/ECF_advisor_large.jpg \"><\/a><\/p>\n\n\n\n<p><\/p>\n","protected":false},"excerpt":{"rendered":"<p>somos?\u00a0Es Hoy es un movimiento de m\u00e1s de 60 l\u00edderes empresariales que trabaja sobre los desaf\u00edos impostergables del Per\u00fa, articulando esfuerzos con actores clave de la sociedad civil, el Estado&hellip; <\/p>\n","protected":false},"author":3,"featured_media":44669,"comment_status":"closed","ping_status":"closed","sticky":false,"template":"","format":"standard","meta":{"footnotes":""},"categories":[406],"tags":[139,4802,647,437,90,66,53,323,456,425,1251,141,63],"class_list":["post-52871","post","type-post","status-publish","format-standard","has-post-thumbnail","hentry","category-convoca_pub","tag-administracion","tag-agroecosistemas","tag-analista","tag-comunicacion","tag-desarrollo","tag-evaluacion","tag-genero","tag-gestion","tag-ingenieria","tag-ingeniero","tag-organizacion","tag-programas","tag-sistematizacion"],"_links":{"self":[{"href":"https:\/\/redinfor.com.pe\/portal\/wp-json\/wp\/v2\/posts\/52871","targetHints":{"allow":["GET"]}}],"collection":[{"href":"https:\/\/redinfor.com.pe\/portal\/wp-json\/wp\/v2\/posts"}],"about":[{"href":"https:\/\/redinfor.com.pe\/portal\/wp-json\/wp\/v2\/types\/post"}],"author":[{"embeddable":true,"href":"https:\/\/redinfor.com.pe\/portal\/wp-json\/wp\/v2\/users\/3"}],"replies":[{"embeddable":true,"href":"https:\/\/redinfor.com.pe\/portal\/wp-json\/wp\/v2\/comments?post=52871"}],"version-history":[{"count":1,"href":"https:\/\/redinfor.com.pe\/portal\/wp-json\/wp\/v2\/posts\/52871\/revisions"}],"predecessor-version":[{"id":52872,"href":"https:\/\/redinfor.com.pe\/portal\/wp-json\/wp\/v2\/posts\/52871\/revisions\/52872"}],"wp:featuredmedia":[{"embeddable":true,"href":"https:\/\/redinfor.com.pe\/portal\/wp-json\/wp\/v2\/media\/44669"}],"wp:attachment":[{"href":"https:\/\/redinfor.com.pe\/portal\/wp-json\/wp\/v2\/media?parent=52871"}],"wp:term":[{"taxonomy":"category","embeddable":true,"href":"https:\/\/redinfor.com.pe\/portal\/wp-json\/wp\/v2\/categories?post=52871"},{"taxonomy":"post_tag","embeddable":true,"href":"https:\/\/redinfor.com.pe\/portal\/wp-json\/wp\/v2\/tags?post=52871"}],"curies":[{"name":"wp","href":"https:\/\/api.w.org\/{rel}","templated":true}]}}