{"id":52873,"date":"2026-04-29T16:41:33","date_gmt":"2026-04-29T21:41:33","guid":{"rendered":"https:\/\/redinfor.com.pe\/portal\/?p=52873"},"modified":"2026-04-29T16:41:35","modified_gmt":"2026-04-29T21:41:35","slug":"peru-consultoria-soporte-tecnico-para-la-mesa-tecnica-de-restauracion-de-san-martin","status":"publish","type":"post","link":"https:\/\/redinfor.com.pe\/portal\/2026\/04\/29\/peru-consultoria-soporte-tecnico-para-la-mesa-tecnica-de-restauracion-de-san-martin\/","title":{"rendered":"[PER\u00da] CONSULTORIA SOPORTE T\u00c9CNICO PARA LA MESA T\u00c9CNICA DE RESTAURACI\u00d3N DE SAN MART\u00cdN"},"content":{"rendered":"\n<p><strong>Objetivo de la consultor\u00eda<\/strong><br>Brindar soporte t\u00e9cnico para el desarrollo e implementaci\u00f3n del plan de acci\u00f3n de la Mesa T\u00e9cnica\u00a0 Regional de Restauraci\u00f3n de San Mart\u00edn, facilitando la organizaci\u00f3n y realizaci\u00f3n de reuniones\u00a0 t\u00e9cnicas y la articulaci\u00f3n con los diferentes actores vinculados en el \u00e1mbito regional y nacional, en\u00a0 estrecha coordinaci\u00f3n con la Autoridad Regional Ambiental del Gobierno Regional de San Mart\u00edn y la\u00a0 oficina desconcentrada del SERFOR.<\/p>\n\n\n\n<p><strong>Perfil del consultor<\/strong><br>El \u00e1mbito de trabajo comprender\u00e1 la regi\u00f3n San Mart\u00edn y las instituciones y actores que trabajan en\u00a0 conservaci\u00f3n del bosque y en impulsos ambientales dentro de la regi\u00f3n. El\/la consultor(a) deber\u00e1\u00a0 conocer el contexto ecol\u00f3gico, social e institucional de la regi\u00f3n, incluyendo los principales desaf\u00edos\u00a0 vinculados a la restauraci\u00f3n de paisajes, la gesti\u00f3n de los recursos naturales y la articulaci\u00f3n\u00a0 interinstitucional en el territorio.\u00a0<\/p>\n\n\n\n<p class=\"has-text-align-center\"><a href=\"https:\/\/redinfor.com.pe\/portal\/2019\/04\/24\/responsabilidad-social-empresarial-y-relaciones-comunitarias\/\" target=\"_blank\" rel=\"noreferrer noopener\"><img decoding=\"async\" src=\" https:\/\/www.redinfor.com.pe\/Avisos\/RSE\/RSE_advisor.jpg \"><\/a><\/p>\n\n\n\n<p><strong>Formaci\u00f3n acad\u00e9mica:&nbsp;<\/strong><\/p>\n\n\n\n<ul class=\"wp-block-list\">\n<li>Profesional titulado(a) en Derecho, Comunicaciones, Ingenier\u00eda Forestal, Agron\u00f3mica,\u00a0 Ambiental, Biolog\u00eda, Econom\u00eda Ambiental, Gesti\u00f3n de Recursos Naturales o carreras afines.<\/li>\n\n\n\n<li>Se valorar\u00e1 formaci\u00f3n complementaria en fortalecimiento de capacidades, restauraci\u00f3n de\u00a0 paisajes, gesti\u00f3n ambiental o gobernanza socioambiental.\u00a0<\/li>\n<\/ul>\n\n\n\n<p><strong>Experiencia espec\u00edfica:&nbsp;<\/strong><\/p>\n\n\n\n<ul class=\"wp-block-list\">\n<li>Experiencia m\u00ednima de cinco (05) a\u00f1os en el dise\u00f1o, implementaci\u00f3n o evaluaci\u00f3n de procesos vinculados a las mesas regionales o espacios de articulaci\u00f3n multi actor o estudios vinculados a\u00a0 restauraci\u00f3n ecol\u00f3gica, rehabilitaci\u00f3n de ecosistemas, manejo forestal sostenible o desarrollo territorial sostenible.\u00a0<\/li>\n\n\n\n<li>Experiencia comprobada en soporte t\u00e9cnico a organizaciones o el Estado en procesos vinculados con la promoci\u00f3n y participaci\u00f3n de mujeres y j\u00f3venes en espacios s\u00f3lidos.\u00a0<\/li>\n\n\n\n<li>Experiencia en procesos de sistematizaci\u00f3n y manejo de herramientas de facilitaci\u00f3n.<\/li>\n\n\n\n<li>Deseable experiencia de trabajo previo en la regi\u00f3n San Mart\u00edn o en contextos amaz\u00f3nicos similares.\u00a0<\/li>\n\n\n\n<li>Experiencia y capacidad de relacionamiento y articulaci\u00f3n interinstitucional, trabajo con gobiernos regionales y locales, SERFOR, MINAN, comunidades nativas, ONG y cooperaci\u00f3n internacional.<\/li>\n<\/ul>\n\n\n\n<p class=\"has-text-align-center\" style=\"font-size:30px\"><strong><a href=\"https:\/\/drive.google.com\/file\/d\/1DLRMDpToPEuwPa3DxFE-EpmlGClpoSFE\/view?usp=sharing\" target=\"_blank\" rel=\"noreferrer noopener\">VER T\u00c9RMINOS DE REFERENCIA<\/a><\/strong><\/p>\n\n\n\n<p><strong>Las personas interesadas y que cumplan con los requerimientos solicitados deber\u00e1n enviar su CV,&nbsp; propuesta t\u00e9cnica y econ\u00f3mica a todo costo incluido impuestos, adjuntando muestra de trabajos&nbsp; realizados en enlace virtual, al correo <a href=\"mailto:servicios@wwfperu.org\">servicios@wwfperu.org<\/a> &nbsp;con el asunto<\/strong><\/p>\n\n\n\n<p>&nbsp;\u201cSoporte t\u00e9cnico para la&nbsp; Mesa Regional de Restauraci\u00f3n en San Mart\u00edn\u201d hasta el 06 de mayo de 2026.<\/p>\n\n\n\n<p class=\"has-text-align-center\"><a href=\"https:\/\/redinfor.com.pe\/portal\/2019\/04\/24\/monitoreo-y-evaluacion-de-programas-y-proyectos-sociales\/\" target=\"_blank\" rel=\"noreferrer noopener\"><img decoding=\"async\" src=\" https:\/\/redinfor.com.pe\/Avisos\/MEPPS\/MEPPS_advisor_large.jpg \"><\/a><\/p>\n","protected":false},"excerpt":{"rendered":"<p>Objetivo de la consultor\u00edaBrindar soporte t\u00e9cnico para el desarrollo e implementaci\u00f3n del plan de acci\u00f3n de la Mesa T\u00e9cnica\u00a0 Regional de Restauraci\u00f3n de San Mart\u00edn, facilitando la organizaci\u00f3n y realizaci\u00f3n&hellip; <\/p>\n","protected":false},"author":3,"featured_media":20124,"comment_status":"closed","ping_status":"closed","sticky":false,"template":"","format":"standard","meta":{"footnotes":""},"categories":[406],"tags":[139,437,90,66,53,323,799,456,425,141,67,1267,964,428],"class_list":["post-52873","post","type-post","status-publish","format-standard","has-post-thumbnail","hentry","category-convoca_pub","tag-administracion","tag-comunicacion","tag-desarrollo","tag-evaluacion","tag-genero","tag-gestion","tag-implementacion","tag-ingenieria","tag-ingeniero","tag-programas","tag-proyectos","tag-restauracion","tag-soporte","tag-tecnico"],"_links":{"self":[{"href":"https:\/\/redinfor.com.pe\/portal\/wp-json\/wp\/v2\/posts\/52873","targetHints":{"allow":["GET"]}}],"collection":[{"href":"https:\/\/redinfor.com.pe\/portal\/wp-json\/wp\/v2\/posts"}],"about":[{"href":"https:\/\/redinfor.com.pe\/portal\/wp-json\/wp\/v2\/types\/post"}],"author":[{"embeddable":true,"href":"https:\/\/redinfor.com.pe\/portal\/wp-json\/wp\/v2\/users\/3"}],"replies":[{"embeddable":true,"href":"https:\/\/redinfor.com.pe\/portal\/wp-json\/wp\/v2\/comments?post=52873"}],"version-history":[{"count":1,"href":"https:\/\/redinfor.com.pe\/portal\/wp-json\/wp\/v2\/posts\/52873\/revisions"}],"predecessor-version":[{"id":52874,"href":"https:\/\/redinfor.com.pe\/portal\/wp-json\/wp\/v2\/posts\/52873\/revisions\/52874"}],"wp:featuredmedia":[{"embeddable":true,"href":"https:\/\/redinfor.com.pe\/portal\/wp-json\/wp\/v2\/media\/20124"}],"wp:attachment":[{"href":"https:\/\/redinfor.com.pe\/portal\/wp-json\/wp\/v2\/media?parent=52873"}],"wp:term":[{"taxonomy":"category","embeddable":true,"href":"https:\/\/redinfor.com.pe\/portal\/wp-json\/wp\/v2\/categories?post=52873"},{"taxonomy":"post_tag","embeddable":true,"href":"https:\/\/redinfor.com.pe\/portal\/wp-json\/wp\/v2\/tags?post=52873"}],"curies":[{"name":"wp","href":"https:\/\/api.w.org\/{rel}","templated":true}]}}