{"id":52881,"date":"2026-04-29T17:25:02","date_gmt":"2026-04-29T22:25:02","guid":{"rendered":"https:\/\/redinfor.com.pe\/portal\/?p=52881"},"modified":"2026-04-29T17:25:04","modified_gmt":"2026-04-29T22:25:04","slug":"peru-convocatoria-de-especialista-en-agricultura-regenerativa-y-conservacion","status":"publish","type":"post","link":"https:\/\/redinfor.com.pe\/portal\/2026\/04\/29\/peru-convocatoria-de-especialista-en-agricultura-regenerativa-y-conservacion\/","title":{"rendered":"[PER\u00da] CONVOCATORIA DE ESPECIALISTA EN AGRICULTURA REGENERATIVA Y CONSERVACI\u00d3N"},"content":{"rendered":"\n<p class=\"has-text-align-center has-medium-font-size\"><strong>[PER\u00da] CONVOCATORIA DE ESPECIALISTA EN AGRICULTURA REGENERATIVA Y CONSERVACI\u00d3N<\/strong><\/p>\n\n\n\n<p>Basado en Pucallpa, Ucayali, Per\u00fa<\/p>\n\n\n\n<p><strong>Objetivo<\/strong><br>Contribuir con la implementaci\u00f3n del Proyecto Clima Paisaje y otros proyectos asociados en el Paisaje Longitudinal que implementa Eaerthworm Foundation (EF) en la Amazon\u00eda Peruana, a trav\u00e9s del fortalecimiento del componente de agricultores y fincas resilientes de palma aceitera.<\/p>\n\n\n\n<p><strong>Requerimientos m\u00ednimos<\/strong><\/p>\n\n\n\n<ul class=\"wp-block-list\">\n<li>Profesional titulado o bachiller en <strong>ciencias agrarias<\/strong> (agronom\u00eda, ingenier\u00eda forestal, recursos naturales renovables o carreras afines).<\/li>\n\n\n\n<li>Experiencia en <strong>cadenas productivas y manejo agron\u00f3mico de palma y cacao<\/strong>, as\u00ed como en enfoques de sostenibilidad, agricultura regenerativa o agronegocios.<\/li>\n\n\n\n<li><strong>M\u00ednimo 7 a\u00f1os de experiencia profesional<\/strong> en la implementaci\u00f3n y\/o gesti\u00f3n de proyectos vinculados a desarrollo rural, sostenibilidad, agricultura o cadenas de valor, trabajando con agricultores y\/o comunidades, y empresas.<\/li>\n\n\n\n<li>Experiencia comprobada en <strong>gesti\u00f3n, coordinaci\u00f3n o supervisi\u00f3n de actividades en campo<\/strong>, incluyendo liderazgo de equipos t\u00e9cnicos o acompa\u00f1amiento a extensionistas.<\/li>\n\n\n\n<li>Experiencia en la <strong>planificaci\u00f3n, seguimiento y cumplimiento de metas y cronogramas de proyectos<\/strong>, incluyendo manejo de m\u00faltiples actividades de manera simult\u00e1nea.<\/li>\n\n\n\n<li>Experiencia en la <strong>elaboraci\u00f3n de reportes t\u00e9cnicos<\/strong>, sistematizaci\u00f3n de informaci\u00f3n y manejo de bases de datos.<\/li>\n\n\n\n<li>Conocimiento pr\u00e1ctico de herramientas de <strong>gesti\u00f3n de informaci\u00f3n geogr\u00e1fica (SIG)<\/strong> y\/o monitoreo territorial aplicado a cadenas de suministro o gesti\u00f3n de fincas.<\/li>\n\n\n\n<li>Alta capacidad de <strong>organizaci\u00f3n, planificaci\u00f3n y priorizaci\u00f3n<\/strong>, con atenci\u00f3n al detalle y orientaci\u00f3n a resultados.<\/li>\n\n\n\n<li>Habilidades de <strong>comunicaci\u00f3n efectiva<\/strong>, facilitaci\u00f3n y trabajo en equipo en contextos multiculturales.<\/li>\n<\/ul>\n\n\n\n<p class=\"has-text-align-center\"><a href=\"https:\/\/redinfor.com.pe\/portal\/2019\/02\/20\/diseno-y-formulacion-de-proyectos-sociales\/\" target=\"_blank\" rel=\"noreferrer noopener\"><img decoding=\"async\" src=\"https:\/\/www.redinfor.com.pe\/Avisos\/DFPS\/DFPS_advisor.jpg\"><\/a><\/p>\n\n\n\n<p><strong>Deseable:<\/strong><\/p>\n\n\n\n<ul class=\"wp-block-list\">\n<li>Estudios de especializaci\u00f3n y\/o maestr\u00eda en desarrollo rural, agronegocios, sostenibilidad, cambio clim\u00e1tico, gesti\u00f3n ambiental, gesti\u00f3n de proyectos o enfoques de paisajes sostenibles, u otras disciplinas afines.<\/li>\n\n\n\n<li>Experiencia espec\u00edfica en la implementaci\u00f3n de planes de manejo o herramientas similares de planificaci\u00f3n predial con enfoque hol\u00edstico agron\u00f3mico.<\/li>\n\n\n\n<li>Experiencia en la aplicaci\u00f3n de <strong>est\u00e1ndares de sostenibilidad y certificaci\u00f3n<\/strong> (p. ej., RSPO, EUDR u otros), as\u00ed como conocimiento o experiencia en monitoreo de deforestaci\u00f3n, enfoques HCS\/HCV y\/o gesti\u00f3n de paisajes sostenibles.<\/li>\n\n\n\n<li>Experiencia en la <strong>formulaci\u00f3n de propuestas de proyectos y\/o fondos concursables<\/strong>, incluyendo desarrollo de presupuestos y relacionamiento con donantes o sector privado.<\/li>\n\n\n\n<li>Experiencia en <strong>articulaci\u00f3n multiactor<\/strong> en territorios (plataformas, mesas t\u00e9cnicas, gobiernos locales).<\/li>\n\n\n\n<li>Conocimiento en herramientas de <strong>an\u00e1lisis de datos<\/strong> y visualizaci\u00f3n (Excel avanzado, Power BI, u otros).<\/li>\n\n\n\n<li>Experiencia trabajando con <strong>organizaciones de productores<\/strong> y\/o fortalecimiento de capacidades organizacionales.<\/li>\n\n\n\n<li>Capacidad demostrada para <strong>trabajar con diversos actores<\/strong> (productores, organizaciones, empresas), promoviendo articulaci\u00f3n y construcci\u00f3n de relaciones de confianza.<\/li>\n\n\n\n<li>Conocimiento o experiencia en <strong>gesti\u00f3n de carbono, MRV o iniciativas clim\u00e1ticas<\/strong>, est\u00e1ndares de certificaci\u00f3n, mercados de carbono, aplicadas al sector agr\u00edcola (deseable experiencia pr\u00e1ctica).<\/li>\n<\/ul>\n\n\n\n<p class=\"has-text-align-center\" style=\"font-size:30px\"><strong><a href=\"https:\/\/drive.google.com\/file\/d\/1FYlLLuk8BueApMhcuiGm7biDiuGpqTra\/view?usp=sharing\">VER T\u00c9RMINOS DE REFERENCIA<\/a><\/strong><\/p>\n\n\n\n<p><strong>Para aplicar:<\/strong><br>Los\/as candidatos\/as interesados\/as deben enviar su <strong>curr\u00edculo<\/strong> <strong>vitae<\/strong> no documentado y <strong>cover letter<\/strong> a <a href=\"mailto:peru.recruitment@earthworm.org\" target=\"_blank\" rel=\"noreferrer noopener\"><strong>peru.recruitment@earthworm.org<\/strong><\/a>, hasta el <strong>18 de mayo del 2026, 5 PM<\/strong>. Favor colocar su APELLIDO y ESPECIALISTA EN AGRICULTURA REGENERATIVA Y CONSERVACI\u00d3N en el asunto del correo (Ejemplo: RUEDA \u2013 ESPECIALISTA EN AGRICULTURA REGENERATIVA Y CONSERVACI\u00d3N).<\/p>\n\n\n\n<p>Los\/as candidatos\/as seleccionados\/as ser\u00e1n contactados\/as v\u00eda telef\u00f3nica para una entrevista inicial. S\u00f3lo se contactar\u00e1 con los\/as candidatos\/as seleccionados\/as.<\/p>\n\n\n\n<p class=\"has-text-align-center\"><a href=\"https:\/\/redinfor.com.pe\/portal\/2019\/04\/24\/metodologias-de-capacitacion-para-poblaciones-rurales\/\" target=\"_blank\" rel=\"noreferrer noopener\"><img decoding=\"async\" src=\" https:\/\/redinfor.com.pe\/Avisos\/MCPR\/MCPR_advisor_large.jpg \"><\/a><\/p>\n","protected":false},"excerpt":{"rendered":"<p>[PER\u00da] CONVOCATORIA DE ESPECIALISTA EN AGRICULTURA REGENERATIVA Y CONSERVACI\u00d3N Basado en Pucallpa, Ucayali, Per\u00fa ObjetivoContribuir con la implementaci\u00f3n del Proyecto Clima Paisaje y otros proyectos asociados en el Paisaje Longitudinal&hellip; <\/p>\n","protected":false},"author":1,"featured_media":5536,"comment_status":"closed","ping_status":"closed","sticky":false,"template":"","format":"standard","meta":{"footnotes":""},"categories":[406],"tags":[42,2668,4956,865,3742,423,408,413,783,1652,427,475,323,4990,456,425,573,2376,67,1896,4821,2039,359,418,4145],"class_list":["post-52881","post","type-post","status-publish","format-standard","has-post-thumbnail","hentry","category-convoca_pub","tag-agricultura","tag-agronegocios","tag-agronoma","tag-agronomia","tag-agronomica","tag-agronomo","tag-cacao","tag-ciencias-agrarias","tag-conservacion","tag-earthworm","tag-especialista","tag-forestal","tag-gestion","tag-ingeniera","tag-ingenieria","tag-ingeniero","tag-manejo","tag-palma","tag-proyectos","tag-pucallpa","tag-recursos-naturales","tag-regenerativa","tag-sostenibilidad","tag-ucayali","tag-unalm"],"_links":{"self":[{"href":"https:\/\/redinfor.com.pe\/portal\/wp-json\/wp\/v2\/posts\/52881","targetHints":{"allow":["GET"]}}],"collection":[{"href":"https:\/\/redinfor.com.pe\/portal\/wp-json\/wp\/v2\/posts"}],"about":[{"href":"https:\/\/redinfor.com.pe\/portal\/wp-json\/wp\/v2\/types\/post"}],"author":[{"embeddable":true,"href":"https:\/\/redinfor.com.pe\/portal\/wp-json\/wp\/v2\/users\/1"}],"replies":[{"embeddable":true,"href":"https:\/\/redinfor.com.pe\/portal\/wp-json\/wp\/v2\/comments?post=52881"}],"version-history":[{"count":1,"href":"https:\/\/redinfor.com.pe\/portal\/wp-json\/wp\/v2\/posts\/52881\/revisions"}],"predecessor-version":[{"id":52882,"href":"https:\/\/redinfor.com.pe\/portal\/wp-json\/wp\/v2\/posts\/52881\/revisions\/52882"}],"wp:featuredmedia":[{"embeddable":true,"href":"https:\/\/redinfor.com.pe\/portal\/wp-json\/wp\/v2\/media\/5536"}],"wp:attachment":[{"href":"https:\/\/redinfor.com.pe\/portal\/wp-json\/wp\/v2\/media?parent=52881"}],"wp:term":[{"taxonomy":"category","embeddable":true,"href":"https:\/\/redinfor.com.pe\/portal\/wp-json\/wp\/v2\/categories?post=52881"},{"taxonomy":"post_tag","embeddable":true,"href":"https:\/\/redinfor.com.pe\/portal\/wp-json\/wp\/v2\/tags?post=52881"}],"curies":[{"name":"wp","href":"https:\/\/api.w.org\/{rel}","templated":true}]}}