{"id":52889,"date":"2026-04-30T11:23:04","date_gmt":"2026-04-30T16:23:04","guid":{"rendered":"https:\/\/redinfor.com.pe\/portal\/?p=52889"},"modified":"2026-04-30T13:38:39","modified_gmt":"2026-04-30T18:38:39","slug":"convocatoria-de-formadores","status":"publish","type":"post","link":"https:\/\/redinfor.com.pe\/portal\/2026\/04\/30\/convocatoria-de-formadores\/","title":{"rendered":"[PER\u00da] CONVOCATORIA DE FORMADORES"},"content":{"rendered":"\n<p class=\"has-text-align-center has-medium-font-size\"><strong>CONVOCATORIA DE FORMADORES<\/strong><br><strong>Profesionales que transforman realidades<\/strong><\/p>\n\n\n\n<p><strong>\u00bfQuieres que tu trabajo tenga impacto real en la vida de ni\u00f1as, ni\u00f1os y adolescentes? \u00bfTe mueve la idea de transformar escuelas desde la alimentaci\u00f3n, la salud y la educaci\u00f3n?<\/strong><\/p>\n\n\n\n<p>Si tu respuesta es s\u00ed, esta oportunidad es para ti.<\/p>\n\n\n\n<p>Buscamos formadores para acompa\u00f1ar a docentes y estudiantes en intervenciones de Educaci\u00f3n Alimentaria y Nutricional en diversas regiones del pa\u00eds. Necesitamos personas con energ\u00eda, compromiso y sensibilidad territorial.<\/p>\n\n\n\n<p><strong>PERFIL PROFESIONAL REQUERIDO (OBLIGATORIO)<\/strong><\/p>\n\n\n\n<p><strong>Profesionales en:<\/strong><\/p>\n\n\n\n<ul class=\"wp-block-list\">\n<li>Licenciado\/a en Nutrici\u00f3n con colegiatura y SERUM<\/li>\n\n\n\n<li>Bachiller o Licenciado en Ingenier\u00eda Alimentaria<\/li>\n<\/ul>\n\n\n\n<p><strong>Formaci\u00f3n adicional:<\/strong><br><strong>Curso, diplomado o especializaci\u00f3n en Educaci\u00f3n Alimentaria y Nutricional o afines (obligatorio)<\/strong><\/p>\n\n\n\n<p><strong>Regiones donde te necesitamos:<\/strong><\/p>\n\n\n\n<ol start=\"1\" class=\"wp-block-list\">\n<li>\u00c1ncash<\/li>\n\n\n\n<li>Loreto<\/li>\n\n\n\n<li>Cusco (residir) y Madre de Dios<\/li>\n\n\n\n<li>Puno (residir) y Tacna<\/li>\n\n\n\n<li>Arequipa (residir) y Moquegua<\/li>\n\n\n\n<li>Hu\u00e1nuco (residir) \u2013 Pasco<\/li>\n<\/ol>\n\n\n\n<p><em>(Debes residir en la regi\u00f3n o regiones que postulas.)<\/em><strong><\/strong><\/p>\n\n\n\n<p class=\"has-text-align-center\"><a href=\"https:\/\/redinfor.com.pe\/portal\/2019\/04\/24\/metodologias-de-capacitacion-para-poblaciones-rurales\/\" target=\"_blank\" rel=\"noreferrer noopener\"><img decoding=\"async\" src=\" https:\/\/www.redinfor.com.pe\/Avisos\/MCPR\/MCPR_advisor.jpg \"><\/a><\/p>\n\n\n\n<p><strong>Experiencia espec\u00edfica m\u00ednima requerida<\/strong><\/p>\n\n\n\n<ul class=\"wp-block-list\">\n<li>Dos (02) a\u00f1os de experiencia en el sector estatal (locaci\u00f3n de servicio y\/o CAS)<\/li>\n\n\n\n<li>Un (01) a\u00f1o de experiencia en el sector privado<\/li>\n<\/ul>\n\n\n\n<p><strong>La experiencia m\u00ednima debe incluir:&nbsp;<\/strong><\/p>\n\n\n\n<ul class=\"wp-block-list\">\n<li>Gesti\u00f3n y ejecuci\u00f3n de intervenciones de EAN con II.EE., DRE\/GRE y UGEL<\/li>\n\n\n\n<li>Desarrollo de talleres, capacitaciones, ferias educativas y eventos<\/li>\n\n\n\n<li>Manejo de grupos y experiencia docente con diversas edades<\/li>\n\n\n\n<li>Participaci\u00f3n activa en proyectos de educaci\u00f3n alimentaria y nutricional<\/li>\n\n\n\n<li>Capacidad para cumplir metas mensuales y reportes<\/li>\n\n\n\n<li>Comunicaci\u00f3n fluida con entidades estatales<\/li>\n\n\n\n<li>Empat\u00eda y trabajo con grupos vulnerables<\/li>\n<\/ul>\n\n\n\n<p><strong>Condiciones de contrataci\u00f3n<\/strong><\/p>\n\n\n\n<ul class=\"wp-block-list\">\n<li>Modalidad: Locaci\u00f3n de servicios.<\/li>\n\n\n\n<li>Honorarios: S\/ 3 500<\/li>\n\n\n\n<li>RNP vigente + seguro contra accidentes<\/li>\n\n\n\n<li>Disponibilidad para actividades en territorio y viajes dentro de la regi\u00f3n<\/li>\n<\/ul>\n\n\n\n<p><strong>\u00bfPor qu\u00e9 unirte?<\/strong><\/p>\n\n\n\n<p>Porque aqu\u00ed tu trabajo s\u00ed cambia vidas.<br>Porque acompa\u00f1ar a una escuela es sembrar h\u00e1bitos que duran para siempre.<br>Porque formar a docentes y estudiantes es multiplicar impacto.<br>Porque este proyecto te permite crecer profesionalmente mientras aportas al pa\u00eds.<\/p>\n\n\n\n<p><strong>\u00bfListo(a) para postular?<\/strong><\/p>\n\n\n\n<ul class=\"wp-block-list\">\n<li>Env\u00eda tu CV a: <a href=\"mailto:convocatoria.educativa15@gmail.com\">convocatoria.educativa15@gmail.com<\/a><\/li>\n\n\n\n<li>Asunto: REGI\u00d3N A LA QUE POSTULAS<\/li>\n\n\n\n<li>Fecha l\u00edmite: Domingo <strong>10 de mayo<\/strong> de 2026<\/li>\n<\/ul>\n\n\n\n<p>Solo se revisar\u00e1n CV que cumplan con los requisitos.<\/p>\n\n\n\n<p class=\"has-text-align-center\"><a href=\"https:\/\/redinfor.com.pe\/portal\/2019\/04\/24\/sistematizacion-de-experiencias-de-programas-y-proyectos-sociales\/\" target=\"_blank\" rel=\"noreferrer noopener\"><img decoding=\"async\" src=\" https:\/\/redinfor.com.pe\/Avisos\/SEPPS\/SEPPS_advisor_large.jpg \"><\/a><\/p>\n","protected":false},"excerpt":{"rendered":"<p>CONVOCATORIA DE FORMADORESProfesionales que transforman realidades \u00bfQuieres que tu trabajo tenga impacto real en la vida de ni\u00f1as, ni\u00f1os y adolescentes? \u00bfTe mueve la idea de transformar escuelas desde la&hellip; <\/p>\n","protected":false},"author":1,"featured_media":52891,"comment_status":"closed","ping_status":"closed","sticky":false,"template":"","format":"standard","meta":{"footnotes":""},"categories":[406],"tags":[432,1135,1049,703,689,610,183,5665,417,456,4170,1924,808,971,1036,397,805,449,450,416,169,513,171,845],"class_list":["post-52889","post","type-post","status-publish","format-standard","has-post-thumbnail","hentry","category-convoca_pub","tag-adolescentes","tag-alimentacion","tag-alimentaria","tag-ancash","tag-arequipa","tag-cusco","tag-educacion","tag-formadores","tag-huanuco","tag-ingenieria","tag-licenciada","tag-licenciado","tag-loreto","tag-madre-de-dios","tag-moquegua","tag-ninas","tag-ninos","tag-nutricion","tag-nutricionista","tag-pasco","tag-profesionales","tag-puno","tag-salud","tag-tacna"],"_links":{"self":[{"href":"https:\/\/redinfor.com.pe\/portal\/wp-json\/wp\/v2\/posts\/52889","targetHints":{"allow":["GET"]}}],"collection":[{"href":"https:\/\/redinfor.com.pe\/portal\/wp-json\/wp\/v2\/posts"}],"about":[{"href":"https:\/\/redinfor.com.pe\/portal\/wp-json\/wp\/v2\/types\/post"}],"author":[{"embeddable":true,"href":"https:\/\/redinfor.com.pe\/portal\/wp-json\/wp\/v2\/users\/1"}],"replies":[{"embeddable":true,"href":"https:\/\/redinfor.com.pe\/portal\/wp-json\/wp\/v2\/comments?post=52889"}],"version-history":[{"count":2,"href":"https:\/\/redinfor.com.pe\/portal\/wp-json\/wp\/v2\/posts\/52889\/revisions"}],"predecessor-version":[{"id":52909,"href":"https:\/\/redinfor.com.pe\/portal\/wp-json\/wp\/v2\/posts\/52889\/revisions\/52909"}],"wp:featuredmedia":[{"embeddable":true,"href":"https:\/\/redinfor.com.pe\/portal\/wp-json\/wp\/v2\/media\/52891"}],"wp:attachment":[{"href":"https:\/\/redinfor.com.pe\/portal\/wp-json\/wp\/v2\/media?parent=52889"}],"wp:term":[{"taxonomy":"category","embeddable":true,"href":"https:\/\/redinfor.com.pe\/portal\/wp-json\/wp\/v2\/categories?post=52889"},{"taxonomy":"post_tag","embeddable":true,"href":"https:\/\/redinfor.com.pe\/portal\/wp-json\/wp\/v2\/tags?post=52889"}],"curies":[{"name":"wp","href":"https:\/\/api.w.org\/{rel}","templated":true}]}}