{"id":52893,"date":"2026-04-30T11:51:22","date_gmt":"2026-04-30T16:51:22","guid":{"rendered":"https:\/\/redinfor.com.pe\/portal\/?p=52893"},"modified":"2026-04-30T12:12:31","modified_gmt":"2026-04-30T17:12:31","slug":"consultoria-externa-para-campana-de-relaciones-publicas-y-grabacion-de-videos-sobre-la-propuesta-del-area-de-conservacion-regional-yanajanca","status":"publish","type":"post","link":"https:\/\/redinfor.com.pe\/portal\/2026\/04\/30\/consultoria-externa-para-campana-de-relaciones-publicas-y-grabacion-de-videos-sobre-la-propuesta-del-area-de-conservacion-regional-yanajanca\/","title":{"rendered":"[PER\u00da] CONSULTOR\u00cdA EXTERNA PARA CAMPA\u00d1A DE RELACIONES P\u00daBLICAS Y GRABACI\u00d3N DE VIDEOS SOBRE LA PROPUESTA DEL \u00c1REA DE CONSERVACI\u00d3N REGIONAL YANAJANCA"},"content":{"rendered":"\n<p class=\"has-text-align-center has-medium-font-size\"><strong>[PER\u00da]<\/strong> <strong>CONSULTOR\u00cdA EXTERNA PARA CAMPA\u00d1A DE RELACIONES P\u00daBLICAS Y GRABACI\u00d3N DE VIDEOS SOBRE LA PROPUESTA DEL \u00c1REA DE CONSERVACI\u00d3N REGIONAL YANAJANCA<\/strong><\/p>\n\n\n\n<p><strong>OBJETIVO<\/strong><\/p>\n\n\n\n<p><strong>Objetivo General<\/strong><br>Posicionar la creaci\u00f3n de la propuesta del ACR Yanajanca y sus beneficios ecol\u00f3gicos, culturales y sociales instal\u00e1ndolo en la agenda medi\u00e1tica y en el radar de los tomadores de decisi\u00f3n, a fin de asegurar su reconocimiento, legitimidad p\u00fablica e institucional a nivel pa\u00eds, en un contexto de riesgo pol\u00edtico\u2013normativo para el proceso.<\/p>\n\n\n\n<p><strong>Objetivos Espec\u00edficos<\/strong><\/p>\n\n\n\n<ol style=\"list-style-type:lower-alpha\" class=\"wp-block-list\">\n<li>Fortalecer y difundir mensajes clave dirigidos a tomadores de decisi\u00f3n, (autoridades del Sernanp, Ministerio del Ambiente, Presidencia de Consejo de ministros (PCM)) articulando acciones de incidencia comunicacional en espacios nacionales estrat\u00e9gicos del sector.&nbsp;<\/li>\n\n\n\n<li>Lograr presencia sostenida del PACR Yanajanca en medios de comunicaci\u00f3n nacionales mediante una estrategia de relacionamiento con prensa y generaci\u00f3n de contenidos de inter\u00e9s p\u00fablico.<\/li>\n\n\n\n<li>Realizar la preproducci\u00f3n, producci\u00f3n y postproducci\u00f3n de cinco (05) piezas audiovisuales: un (01) video promocional y cuatro (04) videos testimoniales, cuyas grabaciones se efectuar\u00e1n en las localidades ubicadas en el \u00e1mbito de la propuesta de \u00c1rea de Conservaci\u00f3n Regional Yanajanca (Hu\u00e1nuco). Los videos est\u00e1n orientados a documentar los valores biol\u00f3gicos y culturales del territorio y las pr\u00e1cticas de conservaci\u00f3n desarrolladas por la poblaci\u00f3n local, para su uso en acciones de difusi\u00f3n y relaciones p\u00fablicas.<\/li>\n<\/ol>\n\n\n\n<p class=\"has-text-align-center\"><a href=\"https:\/\/redinfor.com.pe\/portal\/2019\/04\/24\/fundraising-estrategias-de-captacion-de-fondos-para-ongds\/\" target=\"_blank\" rel=\"noreferrer noopener\"><img decoding=\"async\" src=\" https:\/\/www.redinfor.com.pe\/Avisos\/ECF\/ECF_advisor.jpg \"><\/a><\/p>\n\n\n\n<p><strong>PERFIL DEL EQUIPO CONSULTOR&nbsp;<\/strong><\/p>\n\n\n\n<p><strong>Coordinador(a) \/ Especialista en comunicaciones<\/strong><\/p>\n\n\n\n<ul class=\"wp-block-list\">\n<li>Profesional en Comunicaci\u00f3n, Periodismo, Marketing, Ciencias Sociales o afines.&nbsp;<\/li>\n\n\n\n<li>Experiencia m\u00ednima de 5 a\u00f1os en dise\u00f1o e implementaci\u00f3n de estrategias de comunicaci\u00f3n y relaciones p\u00fablicas.&nbsp;<\/li>\n\n\n\n<li>Experiencia comprobada en relacionamiento con medios nacionales y gesti\u00f3n de prensa.&nbsp;<\/li>\n\n\n\n<li>Experiencia en campa\u00f1as de incidencia dirigidas a tomadores de decisi\u00f3n del sector p\u00fablico.&nbsp;<\/li>\n\n\n\n<li>Deseable experiencia en temas ambientales, conservaci\u00f3n, \u00e1reas naturales protegidas o gesti\u00f3n p\u00fablica.&nbsp;<\/li>\n\n\n\n<li>Capacidad de planificaci\u00f3n estrat\u00e9gica, redacci\u00f3n de mensajes clave y vocer\u00eda t\u00e9cnica.&nbsp;<\/li>\n\n\n\n<li>Disponibilidad para desplazarse a Hu\u00e1nuco y Lima.<\/li>\n<\/ul>\n\n\n\n<p><strong>Especialista audiovisual \/ Productor(a) de video<\/strong><\/p>\n\n\n\n<ul class=\"wp-block-list\">\n<li>Profesional en Comunicaci\u00f3n Audiovisual, Producci\u00f3n audiovisual o afines.<\/li>\n\n\n\n<li>Experiencia m\u00ednima de 5 a\u00f1os en documentales en campo, de presentaci\u00f3n para organizaciones sociales, proyectos o campa\u00f1as sociales.<\/li>\n\n\n\n<li>Manejo de grabaci\u00f3n en exteriores, entrevistas y registro de testimonios en territorios rurales.<\/li>\n\n\n\n<li>Conocimiento de edici\u00f3n, guionizaci\u00f3n y narrativa audiovisual con enfoque social y ambiental.<\/li>\n\n\n\n<li>Disponibilidad para viajes a las localidades del \u00e1mbito del ACR.<\/li>\n<\/ul>\n\n\n\n<p><strong>Especialista en prensa y relaciones p\u00fablicas<\/strong><\/p>\n\n\n\n<ul class=\"wp-block-list\">\n<li>Profesional en Comunicaci\u00f3n, Periodismo o afines.&nbsp;<\/li>\n\n\n\n<li>Experiencia m\u00ednima de 5 a\u00f1os en gesti\u00f3n de prensa nacional y generaci\u00f3n de contenidos noticiosos.&nbsp;<\/li>\n\n\n\n<li>Cartera de contactos activa con medios nacionales y periodistas.&nbsp;<\/li>\n\n\n\n<li>Experiencia en organizaci\u00f3n de conferencias, notas de prensa, media brief y seguimiento medi\u00e1tico.&nbsp;<\/li>\n\n\n\n<li>Experiencia en comunicaci\u00f3n para la incidencia p\u00fablica.<\/li>\n<\/ul>\n\n\n\n<p><strong>COMPETENCIAS GENERALES<\/strong><\/p>\n\n\n\n<ul class=\"wp-block-list\">\n<li>Experiencia en trabajo articulado con instituciones p\u00fablicas.&nbsp;<\/li>\n\n\n\n<li>Capacidad para trabajar con equipos t\u00e9cnicos territoriales y actores locales.&nbsp;<\/li>\n\n\n\n<li>Habilidades de redacci\u00f3n, s\u00edntesis y adaptaci\u00f3n de mensajes a distintos p\u00fablicos.&nbsp;<\/li>\n\n\n\n<li>Disponibilidad para trabajo presencial en Lima y Hu\u00e1nuco, seg\u00fan el plan de trabajo<\/li>\n<\/ul>\n\n\n\n<p class=\"has-text-align-center\" style=\"font-size:30px\"><strong><a href=\"https:\/\/drive.google.com\/file\/d\/15qgevPzfZQoBfHjW_2lndKiGDuYePW0I\/view?usp=sharing\" target=\"_blank\" rel=\"noreferrer noopener\">VER T\u00c9RMINOS DE REFERENCIA<\/a><\/strong><\/p>\n\n\n\n<p>Por favor postule mediante este link: <a href=\"https:\/\/natureandculture.typeform.com\/to\/KDDcv5yS\" target=\"_blank\" rel=\"noreferrer noopener\">https:\/\/natureandculture.typeform.com\/to\/KDDcv5yS<\/a><a href=\"https:\/\/natureandculture.typeform.com\/to\/KDDcv5yS\"><\/a>&nbsp;<\/p>\n\n\n\n<p>De tener alguna duda, por favor comunicarse a <a href=\"mailto:rrhhperu@naturalezaycultura.org\">rrhhperu@naturalezaycultura.org<\/a> &nbsp;&nbsp;<\/p>\n\n\n\n<p>Agradecemos su inter\u00e9s y postulaci\u00f3n y, dada la cantidad usual de postulaciones, s\u00f3lo se contactar\u00e1 a los finalistas.<\/p>\n\n\n\n<p class=\"has-text-align-center\"><a href=\"https:\/\/redinfor.com.pe\/portal\/2019\/02\/20\/diseno-y-formulacion-de-proyectos-sociales\/\" target=\"_blank\" rel=\"noreferrer noopener\"><img decoding=\"async\" src=\"https:\/\/redinfor.com.pe\/Avisos\/DFPS\/DFPS_advisor_large.jpg\"><\/a><\/p>\n","protected":false},"excerpt":{"rendered":"<p>[PER\u00da] CONSULTOR\u00cdA EXTERNA PARA CAMPA\u00d1A DE RELACIONES P\u00daBLICAS Y GRABACI\u00d3N DE VIDEOS SOBRE LA PROPUESTA DEL \u00c1REA DE CONSERVACI\u00d3N REGIONAL YANAJANCA OBJETIVO Objetivo GeneralPosicionar la creaci\u00f3n de la propuesta del&hellip; <\/p>\n","protected":false},"author":1,"featured_media":28862,"comment_status":"closed","ping_status":"closed","sticky":false,"template":"","format":"standard","meta":{"footnotes":""},"categories":[406],"tags":[132,116,437,783,3149,71,1258,454,3788,655,36,259,3218,4753],"class_list":["post-52893","post","type-post","status-publish","format-standard","has-post-thumbnail","hentry","category-convoca_pub","tag-campana","tag-ciencias-sociales","tag-comunicacion","tag-conservacion","tag-consultoria-2","tag-estrategias","tag-grabacion","tag-marketing","tag-naturaleza-y-cultura-internacional","tag-periodismo","tag-publicas","tag-relaciones","tag-videos","tag-yanajanca"],"_links":{"self":[{"href":"https:\/\/redinfor.com.pe\/portal\/wp-json\/wp\/v2\/posts\/52893","targetHints":{"allow":["GET"]}}],"collection":[{"href":"https:\/\/redinfor.com.pe\/portal\/wp-json\/wp\/v2\/posts"}],"about":[{"href":"https:\/\/redinfor.com.pe\/portal\/wp-json\/wp\/v2\/types\/post"}],"author":[{"embeddable":true,"href":"https:\/\/redinfor.com.pe\/portal\/wp-json\/wp\/v2\/users\/1"}],"replies":[{"embeddable":true,"href":"https:\/\/redinfor.com.pe\/portal\/wp-json\/wp\/v2\/comments?post=52893"}],"version-history":[{"count":2,"href":"https:\/\/redinfor.com.pe\/portal\/wp-json\/wp\/v2\/posts\/52893\/revisions"}],"predecessor-version":[{"id":52897,"href":"https:\/\/redinfor.com.pe\/portal\/wp-json\/wp\/v2\/posts\/52893\/revisions\/52897"}],"wp:featuredmedia":[{"embeddable":true,"href":"https:\/\/redinfor.com.pe\/portal\/wp-json\/wp\/v2\/media\/28862"}],"wp:attachment":[{"href":"https:\/\/redinfor.com.pe\/portal\/wp-json\/wp\/v2\/media?parent=52893"}],"wp:term":[{"taxonomy":"category","embeddable":true,"href":"https:\/\/redinfor.com.pe\/portal\/wp-json\/wp\/v2\/categories?post=52893"},{"taxonomy":"post_tag","embeddable":true,"href":"https:\/\/redinfor.com.pe\/portal\/wp-json\/wp\/v2\/tags?post=52893"}],"curies":[{"name":"wp","href":"https:\/\/api.w.org\/{rel}","templated":true}]}}