{"id":52895,"date":"2026-04-30T12:10:28","date_gmt":"2026-04-30T17:10:28","guid":{"rendered":"https:\/\/redinfor.com.pe\/portal\/?p=52895"},"modified":"2026-04-30T12:12:56","modified_gmt":"2026-04-30T17:12:56","slug":"convocatoria-de-coordinador-de-campo-para-el-ambito-del-mosaico-carpish-rio-abiseo","status":"publish","type":"post","link":"https:\/\/redinfor.com.pe\/portal\/2026\/04\/30\/convocatoria-de-coordinador-de-campo-para-el-ambito-del-mosaico-carpish-rio-abiseo\/","title":{"rendered":"[PER\u00da] CONVOCATORIA DE COORDINADOR DE CAMPO PARA EL \u00c1MBITO DEL MOSAICO CARPISH \u2013 R\u00cdO ABISEO"},"content":{"rendered":"\n<p class=\"has-text-align-center has-medium-font-size\"><strong>[PER\u00da]<\/strong> <strong>CONVOCATORIA DE COORDINADOR DE CAMPO PARA EL \u00c1MBITO DEL MOSAICO CARPISH \u2013 R\u00cdO ABISEO<\/strong><\/p>\n\n\n\n<p><strong>OBJETIVO<\/strong><br>Contratar los servicios de un (01) profesional como Coordinador de Campo, para dar soporte en actividades de vigilancia y control, gobernanza, gesti\u00f3n participativa, apoyo en la elaboraci\u00f3n de t\u00e9rminos de referencia y seguimiento de instrumentos de gesti\u00f3n, al an\u00e1lisis prospectivo para la propuesta Monz\u00f3n-Huamal\u00edes, entre otros, en el \u00e1mbito del Mosaico Carpish-R\u00edo Abiseo en la regi\u00f3n Hu\u00e1nuco.<\/p>\n\n\n\n<p><strong>PERFIL PROFESIONAL<\/strong><\/p>\n\n\n\n<p><strong>Formaci\u00f3n Acad\u00e9mica:<\/strong><\/p>\n\n\n\n<ul class=\"wp-block-list\">\n<li>T\u00edtulo universitario y\/o t\u00e9cnico en biolog\u00eda, agronom\u00eda, agr\u00edcola, forestal, ambiental o carreras afines.<\/li>\n<\/ul>\n\n\n\n<p><strong>Experiencia profesional:<\/strong><\/p>\n\n\n\n<ul class=\"wp-block-list\">\n<li>Experiencia general m\u00ednima de 04 a\u00f1os en actividades relacionadas a la gesti\u00f3n de \u00e1reas naturales protegidas. &nbsp;<\/li>\n\n\n\n<li><span style=\"background-color: rgba(0, 0, 0, 0.2); color: initial;\">Experiencia m\u00ednima de 02 a\u00f1os en evaluaciones biol\u00f3gicas y\/o bot\u00e1nicas, vigilancia y control en \u00e1reas naturales protegidas, gesti\u00f3n participativa y gobernanza.<\/span><\/li>\n\n\n\n<li><span style=\"color: initial;\">Experiencia en elaboraci\u00f3n o soporte t\u00e9cnico en instrumentos de gesti\u00f3n ambiental o territorial (planes de manejo, planes de monitoreo flora y fauna, plan maestro, estrategia de vigilancia y control, plan de vigilancia y control, diagn\u00f3sticos ambientales, zonificaci\u00f3n, estudios de l\u00ednea base u otros similares, gobernanza y participaci\u00f3n, entre otros).<\/span><\/li>\n\n\n\n<li><span style=\"color: initial;\">Experiencia en planificaci\u00f3n, recopilaci\u00f3n, sistematizaci\u00f3n, an\u00e1lisis y reporte de informaci\u00f3n (fuentes primarias y secundarias) para la elaboraci\u00f3n de informes, reportes y expedientes t\u00e9cnicos.<\/span><\/li>\n\n\n\n<li><span style=\"color: initial;\">Experiencia en coordinaci\u00f3n con actores locales, equipos t\u00e9cnicos o instituciones p\u00fablica.<\/span><\/li>\n\n\n\n<li><span style=\"color: initial;\">Deseable experiencia en manejo de sistemas de informaci\u00f3n geogr\u00e1ficaFacilidad para la realizaci\u00f3n de talleres de capacitaci\u00f3n, acompa\u00f1amiento y asistencia t\u00e9cnica a fines a la convocatoria.<\/span><\/li>\n\n\n\n<li><span style=\"color: initial;\">Experiencia y capacidad para trabajar con agrupaciones de comunidades campesinas, poblaciones rurales, rondas campesinas y otras organizaciones civiles en zonas altoandinas, bosques montanos o p\u00e1ramos.<\/span><\/li>\n\n\n\n<li><span style=\"color: initial;\">De preferencia experiencia en RPAS.<\/span><\/li>\n\n\n\n<li>Deseable experiencia en implementaci\u00f3n y asistencia t\u00e9cnica en sistemas agroforestales, reforestaci\u00f3n viveros forestales o frutales, preferentemente en zonas altoandinas y actividades productivas en bosques montanos o p\u00e1ramos.<\/li>\n<\/ul>\n\n\n\n<p class=\"has-text-align-center\"><a href=\"https:\/\/redinfor.com.pe\/portal\/2019\/02\/20\/diseno-y-formulacion-de-proyectos-sociales\/\" target=\"_blank\" rel=\"noreferrer noopener\"><img decoding=\"async\" src=\"https:\/\/www.redinfor.com.pe\/Avisos\/DFPS\/DFPS_advisor.jpg\"><\/a><\/p>\n\n\n\n<p><strong>Conocimientos\/ especializaci\u00f3n:<\/strong><\/p>\n\n\n\n<ul class=\"wp-block-list\">\n<li>Conocimiento de ecosistemas andino y amaz\u00f3nicos (Yungas, P\u00e1ramos y Bosques Montanos).<\/li>\n\n\n\n<li><span style=\"color: initial;\">Conocimiento del marco normativo de \u00c1reas Naturales Protegidas, en especial aquellas de administraci\u00f3n regional.<\/span><\/li>\n\n\n\n<li><span style=\"color: initial;\">Conocimiento del sistema nacional de gesti\u00f3n ambiental y an\u00e1lisis geogr\u00e1fico del territorio.<\/span><\/li>\n\n\n\n<li><span style=\"color: initial;\">Conocimiento en redacci\u00f3n y estructuraci\u00f3n de documentos t\u00e9cnicos con sustento cient\u00edfico.<\/span><\/li>\n\n\n\n<li><span style=\"color: initial;\">Conocimiento de SMART para acciones de vigilancia y control.<\/span><\/li>\n\n\n\n<li><span style=\"color: initial;\">De preferencia experiencia en an\u00e1lisis y reporte de datos.<\/span><\/li>\n\n\n\n<li>Conocimiento y manejo de software (Word, Excel, Power Point, otros).<\/li>\n<\/ul>\n\n\n\n<p class=\"has-text-align-center\" style=\"font-size:30px\"><strong><a href=\"https:\/\/drive.google.com\/file\/d\/1CHCA3oymPrCwGYOQsJ3uO5Jw5pP7mU0B\/view?usp=sharing\" target=\"_blank\" rel=\"noreferrer noopener\">VER T\u00c9RMINOS DE REFERENCIA<\/a><\/strong><\/p>\n\n\n\n<p><strong>LUGAR DE TRABAJO:<\/strong><br>La prestaci\u00f3n de los servicios se desarrollar\u00e1 en el \u00e1mbito del mosaico Carpish \u2013 R\u00edo Abiseo ubicado en el departamento de Hu\u00e1nuco<\/p>\n\n\n\n<p>Por favor postular mediante el siguiente link: <a href=\"https:\/\/natureandculture.typeform.com\/to\/IZ1xMii1\" target=\"_blank\" rel=\"noreferrer noopener\">https:\/\/natureandculture.typeform.com\/to\/IZ1xMii1<\/a><a href=\"https:\/\/natureandculture.typeform.com\/to\/IZ1xMii1\"><\/a>&nbsp;<\/p>\n\n\n\n<p><strong>Fecha m\u00e1xima de postulaci\u00f3n: Hasta el 04 de Mayo del 2026.<\/strong><\/p>\n\n\n\n<p>De tener alguna duda, por favor comunicarse a <a href=\"mailto:rrhh-peru@naturalezaycultura.org\">rrhh-peru@naturalezaycultura.org<\/a><\/p>\n\n\n\n<p class=\"has-text-align-center\"><a href=\"https:\/\/redinfor.com.pe\/portal\/2019\/04\/24\/monitoreo-y-evaluacion-de-programas-y-proyectos-sociales\/\" target=\"_blank\" rel=\"noreferrer noopener\"><img decoding=\"async\" src=\" https:\/\/redinfor.com.pe\/Avisos\/MEPPS\/MEPPS_advisor_large.jpg \"><\/a><\/p>\n","protected":false},"excerpt":{"rendered":"<p>[PER\u00da] CONVOCATORIA DE COORDINADOR DE CAMPO PARA EL \u00c1MBITO DEL MOSAICO CARPISH \u2013 R\u00cdO ABISEO OBJETIVOContratar los servicios de un (01) profesional como Coordinador de Campo, para dar soporte en&hellip; <\/p>\n","protected":false},"author":1,"featured_media":28862,"comment_status":"closed","ping_status":"closed","sticky":false,"template":"","format":"standard","meta":{"footnotes":""},"categories":[406],"tags":[424,4956,865,3742,423,455,474,156,5740,366,452,2322,475,323,253,4990,456,425,1668,3788,213,113,4145,1329],"class_list":["post-52895","post","type-post","status-publish","format-standard","has-post-thumbnail","hentry","category-convoca_pub","tag-agricola","tag-agronoma","tag-agronomia","tag-agronomica","tag-agronomo","tag-ambiental","tag-biologia","tag-campo","tag-carpish-rio-abiseo","tag-control","tag-coordinador","tag-coordinadora","tag-forestal","tag-gestion","tag-gobernanza","tag-ingeniera","tag-ingenieria","tag-ingeniero","tag-mosaico","tag-naturaleza-y-cultura-internacional","tag-participativa","tag-seguimiento","tag-unalm","tag-vigilancia"],"_links":{"self":[{"href":"https:\/\/redinfor.com.pe\/portal\/wp-json\/wp\/v2\/posts\/52895","targetHints":{"allow":["GET"]}}],"collection":[{"href":"https:\/\/redinfor.com.pe\/portal\/wp-json\/wp\/v2\/posts"}],"about":[{"href":"https:\/\/redinfor.com.pe\/portal\/wp-json\/wp\/v2\/types\/post"}],"author":[{"embeddable":true,"href":"https:\/\/redinfor.com.pe\/portal\/wp-json\/wp\/v2\/users\/1"}],"replies":[{"embeddable":true,"href":"https:\/\/redinfor.com.pe\/portal\/wp-json\/wp\/v2\/comments?post=52895"}],"version-history":[{"count":2,"href":"https:\/\/redinfor.com.pe\/portal\/wp-json\/wp\/v2\/posts\/52895\/revisions"}],"predecessor-version":[{"id":52898,"href":"https:\/\/redinfor.com.pe\/portal\/wp-json\/wp\/v2\/posts\/52895\/revisions\/52898"}],"wp:featuredmedia":[{"embeddable":true,"href":"https:\/\/redinfor.com.pe\/portal\/wp-json\/wp\/v2\/media\/28862"}],"wp:attachment":[{"href":"https:\/\/redinfor.com.pe\/portal\/wp-json\/wp\/v2\/media?parent=52895"}],"wp:term":[{"taxonomy":"category","embeddable":true,"href":"https:\/\/redinfor.com.pe\/portal\/wp-json\/wp\/v2\/categories?post=52895"},{"taxonomy":"post_tag","embeddable":true,"href":"https:\/\/redinfor.com.pe\/portal\/wp-json\/wp\/v2\/tags?post=52895"}],"curies":[{"name":"wp","href":"https:\/\/api.w.org\/{rel}","templated":true}]}}