{"id":52899,"date":"2026-04-30T13:07:29","date_gmt":"2026-04-30T18:07:29","guid":{"rendered":"https:\/\/redinfor.com.pe\/portal\/?p=52899"},"modified":"2026-04-30T13:33:53","modified_gmt":"2026-04-30T18:33:53","slug":"convocatoria-de-profesionales-para-consultorias-cedinco","status":"publish","type":"post","link":"https:\/\/redinfor.com.pe\/portal\/2026\/04\/30\/convocatoria-de-profesionales-para-consultorias-cedinco\/","title":{"rendered":"[PER\u00da] CONVOCATORIA DE PROFESIONALES PARA CONSULTORIAS \u2013 CEDINCO"},"content":{"rendered":"\n<p class=\"has-text-align-center has-medium-font-size\"><strong>[PER\u00da] CONVOCATORIA DE PROFESIONALES PARA CONSULTORIAS \u2013 CEDINCO<\/strong><\/p>\n\n\n\n<p class=\"has-pale-cyan-blue-background-color has-background\"><strong>SERVICIO DE FORTALECIMIENTO DE CAPACIDADES COMERCIALES MEDIANTE LA EJECUCI\u00d3N DE 08 TALLERES EN GESTI\u00d3N COMERCIAL, MARKETING, NEGOCIACI\u00d3N Y ARTICULACI\u00d3N CON MERCADOS DIFERENCIADOS.<\/strong><\/p>\n\n\n\n<p><strong>Finalidad P\u00fablica \/ Institucional<\/strong><br>Fortalecer las capacidades comerciales de directivos, l\u00edderes, integrantes del comit\u00e9 de comercializaci\u00f3n y productores vinculados a las 4 organizaciones beneficiarias, a fin de mejorar la gesti\u00f3n comercial, la negociaci\u00f3n y la articulaci\u00f3n con mercados diferenciados para la palta org\u00e1nica.<\/p>\n\n\n\n<p><strong>Alcance del servicio<\/strong><\/p>\n\n\n\n<ul class=\"wp-block-list\">\n<li>Dise\u00f1o del plan metodol\u00f3gico de capacitaci\u00f3n.<\/li>\n\n\n\n<li>Dise\u00f1o de contenidos, materiales y presentaciones para 08 talleres.<\/li>\n\n\n\n<li>Ejecuci\u00f3n presencial de 08 talleres participativos.<\/li>\n\n\n\n<li>Aplicaci\u00f3n de evaluaci\u00f3n de entrada y salida por taller.<\/li>\n\n\n\n<li>Aplicaci\u00f3n de encuesta de satisfacci\u00f3n por taller.<\/li>\n\n\n\n<li>Sistematizaci\u00f3n de resultados de aprendizaje y satisfacci\u00f3n.<\/li>\n\n\n\n<li>Elaboraci\u00f3n de informes por evento y de un informe final consolidado.<\/li>\n<\/ul>\n\n\n\n<p class=\"has-text-align-center\" style=\"font-size:30px\"><strong><a href=\"https:\/\/drive.google.com\/file\/d\/1YM9_cE8oA6wPanq-_l75TPPKGtH10QxP\/view?usp=sharing\" target=\"_blank\" rel=\"noreferrer noopener\">VER T\u00c9RMINOS DE REFERENCIA<\/a><\/strong><\/p>\n\n\n\n<p><strong>Presentaci\u00f3n de propuestas <\/strong>&nbsp;<\/p>\n\n\n\n<ul class=\"wp-block-list\">\n<li>La presentaci\u00f3n de propuestas t\u00e9cnica y econ\u00f3mica ser\u00e1 v\u00eda electr\u00f3nica a los siguientes correos: <a href=\"mailto:direccion@cedinco.org.pe\">direccion@cedinco.org.pe<\/a>, con copia a <a href=\"mailto:henvermiguel.2508@gmail.com\">henvermiguel.2508@gmail.com<\/a> &nbsp;<\/li>\n\n\n\n<li>Numero de celular para consultas: 961228950<\/li>\n<\/ul>\n\n\n\n<p class=\"has-text-align-center\"><a href=\"https:\/\/redinfor.com.pe\/portal\/2019\/02\/20\/diseno-y-formulacion-de-proyectos-sociales\/\" target=\"_blank\" rel=\"noreferrer noopener\"><img decoding=\"async\" src=\"https:\/\/www.redinfor.com.pe\/Avisos\/DFPS\/DFPS_advisor.jpg\"><\/a><\/p>\n\n\n\n<p class=\"has-pale-cyan-blue-background-color has-background\"><strong>SERVICIO DE: \u201cELABORACI\u00d3N PARTICIPATIVA DEL PLAN DE COMERCIALIZACI\u00d3N DE LA PALTA ORG\u00c1NICA, CON VALIDACI\u00d3N DE LOS SOCIOS DE LAS 4 ORGANIZACIONES Y\/O DE LA COOPERATIVA, ORIENTADO A POSICIONAR LA PRODUCCI\u00d3N EN MERCADOS DIFERENCIADOS\u201d.<\/strong><\/p>\n\n\n\n<p><strong>Finalidad institucional<\/strong><br>Contar con un instrumento de gesti\u00f3n comercial que oriente la articulaci\u00f3n de la oferta de palta org\u00e1nica de una cooperativa que incluye 04 organizaciones beneficiarias, hacia mercados diferenciados, fortalezca su capacidad de negociaci\u00f3n y contribuya al incremento de ingresos de las familias productoras del distrito de Quichuas.<\/p>\n\n\n\n<p><strong>Alcances del servicio<\/strong><\/p>\n\n\n\n<ul class=\"wp-block-list\">\n<li>Encargado de la elaboraci\u00f3n participativa del Plan de Comercializaci\u00f3n de la palta org\u00e1nica, en el cual, ente otros,&nbsp; debe obtenerse&nbsp; los siguientes alcances<strong>:<\/strong><ul><li>Determinar los canales de comercializaci\u00f3n de la palta org\u00e1nica, a nivel local, regional y nacional.&nbsp;<\/li><\/ul><ul><li>Identificar a los clientes potenciales en el nivel local, regional y nacional para la oferta productiva de la cooperativa.<\/li><\/ul><ul><li>Definir estrategias y acciones que permitan asegurar a los clientes potenciales.<\/li><\/ul><ul><li>Definir la proyecci\u00f3n de ventas a mejores precios para un corto y mediano plazo.<\/li><\/ul>\n<ul class=\"wp-block-list\">\n<li>Conocer la viabilidad y rentabilidad del negocio para su sostenibilidad social, econ\u00f3mica, financiera y ambiental&nbsp;&nbsp;<\/li>\n<\/ul>\n<\/li>\n<\/ul>\n\n\n\n<p>Estructura m\u00ednima del Plan de Comercializaci\u00f3n<\/p>\n\n\n\n<ul class=\"wp-block-list\">\n<li>Resumen ejecutivo.&nbsp;<\/li>\n\n\n\n<li>Aspectos legales<\/li>\n\n\n\n<li>Antecedentes&nbsp;<\/li>\n\n\n\n<li>Estudio de mercado&nbsp;<\/li>\n\n\n\n<li>An\u00e1lisis interno de las organizaciones. FODA comercial.<\/li>\n\n\n\n<li>An\u00e1lisis del mercado actual y potencial&nbsp;<\/li>\n\n\n\n<li>Selecci\u00f3n del mercado actual y potencial para la cooperativa <\/li>\n\n\n\n<li>Plan estrat\u00e9gico para la comercializaci\u00f3n&nbsp; <\/li>\n\n\n\n<li>Plan de operaciones.&nbsp; <\/li>\n\n\n\n<li>Estrategia de precios. <\/li>\n\n\n\n<li>An\u00e1lisis econ\u00f3mico\/ financiero&nbsp; <\/li>\n\n\n\n<li>Plan de recursos humanos.&nbsp;<\/li>\n\n\n\n<li>Pan de promoci\u00f3n.<\/li>\n\n\n\n<li>Plan de implementaci\u00f3n<\/li>\n\n\n\n<li>An\u00e1lisis de riesgos<\/li>\n\n\n\n<li>Conclusiones, recomendaciones y anexos.&nbsp;<\/li>\n<\/ul>\n\n\n\n<p class=\"has-text-align-center\" style=\"font-size:30px\"><strong><a href=\"https:\/\/drive.google.com\/file\/d\/1FoFFfqnxvb7cl-T7NeiMvWEg61coGsIS\/view?usp=sharing\" target=\"_blank\" rel=\"noreferrer noopener\">VER T\u00c9RMINOS DE REFERENCIA<\/a><\/strong><\/p>\n\n\n\n<p><strong>Presentaci\u00f3n de propuestas <\/strong>&nbsp;<\/p>\n\n\n\n<ul class=\"wp-block-list\">\n<li>La presentaci\u00f3n de propuestas t\u00e9cnica y econ\u00f3mica ser\u00e1 v\u00eda electr\u00f3nica a los siguientes correos: <a href=\"mailto:direccion@cedinco.org.pe\">direccion@cedinco.org.pe<\/a>, con copia a <a href=\"mailto:henvermiguel.2508@gmail.com\">henvermiguel.2508@gmail.com<\/a><strong>&nbsp;&nbsp;<\/strong><\/li>\n\n\n\n<li>Numero de celular para consultas: 961228950<\/li>\n<\/ul>\n\n\n\n<p class=\"has-text-align-center\"><a href=\"https:\/\/redinfor.com.pe\/portal\/2019\/04\/24\/monitoreo-y-evaluacion-de-programas-y-proyectos-sociales\/\" target=\"_blank\" rel=\"noreferrer noopener\"><img decoding=\"async\" src=\" https:\/\/redinfor.com.pe\/Avisos\/MEPPS\/MEPPS_advisor_large.jpg \"><\/a><\/p>\n","protected":false},"excerpt":{"rendered":"<p>[PER\u00da] CONVOCATORIA DE PROFESIONALES PARA CONSULTORIAS \u2013 CEDINCO SERVICIO DE FORTALECIMIENTO DE CAPACIDADES COMERCIALES MEDIANTE LA EJECUCI\u00d3N DE 08 TALLERES EN GESTI\u00d3N COMERCIAL, MARKETING, NEGOCIACI\u00d3N Y ARTICULACI\u00d3N CON MERCADOS DIFERENCIADOS.&hellip; <\/p>\n","protected":false},"author":1,"featured_media":45732,"comment_status":"closed","ping_status":"closed","sticky":false,"template":"","format":"standard","meta":{"footnotes":""},"categories":[406],"tags":[139,2668,4956,3742,423,812,905,5131,584,1398,920,264,323,811,4990,456,425,454,1085,206,1515,1617,149,709,169,78,4145],"class_list":["post-52899","post","type-post","status-publish","format-standard","has-post-thumbnail","hentry","category-convoca_pub","tag-administracion","tag-agronegocios","tag-agronoma","tag-agronomica","tag-agronomo","tag-alimentarias","tag-articulacion","tag-cedinco","tag-comercializacion","tag-consultorias","tag-cooperativa","tag-economia","tag-gestion","tag-industrias","tag-ingeniera","tag-ingenieria","tag-ingeniero","tag-marketing","tag-mercados","tag-negociacion","tag-organica","tag-palta","tag-plan","tag-produccion","tag-profesionales","tag-talleres","tag-unalm"],"_links":{"self":[{"href":"https:\/\/redinfor.com.pe\/portal\/wp-json\/wp\/v2\/posts\/52899","targetHints":{"allow":["GET"]}}],"collection":[{"href":"https:\/\/redinfor.com.pe\/portal\/wp-json\/wp\/v2\/posts"}],"about":[{"href":"https:\/\/redinfor.com.pe\/portal\/wp-json\/wp\/v2\/types\/post"}],"author":[{"embeddable":true,"href":"https:\/\/redinfor.com.pe\/portal\/wp-json\/wp\/v2\/users\/1"}],"replies":[{"embeddable":true,"href":"https:\/\/redinfor.com.pe\/portal\/wp-json\/wp\/v2\/comments?post=52899"}],"version-history":[{"count":2,"href":"https:\/\/redinfor.com.pe\/portal\/wp-json\/wp\/v2\/posts\/52899\/revisions"}],"predecessor-version":[{"id":52906,"href":"https:\/\/redinfor.com.pe\/portal\/wp-json\/wp\/v2\/posts\/52899\/revisions\/52906"}],"wp:featuredmedia":[{"embeddable":true,"href":"https:\/\/redinfor.com.pe\/portal\/wp-json\/wp\/v2\/media\/45732"}],"wp:attachment":[{"href":"https:\/\/redinfor.com.pe\/portal\/wp-json\/wp\/v2\/media?parent=52899"}],"wp:term":[{"taxonomy":"category","embeddable":true,"href":"https:\/\/redinfor.com.pe\/portal\/wp-json\/wp\/v2\/categories?post=52899"},{"taxonomy":"post_tag","embeddable":true,"href":"https:\/\/redinfor.com.pe\/portal\/wp-json\/wp\/v2\/tags?post=52899"}],"curies":[{"name":"wp","href":"https:\/\/api.w.org\/{rel}","templated":true}]}}