{"id":52901,"date":"2026-04-30T13:28:44","date_gmt":"2026-04-30T18:28:44","guid":{"rendered":"https:\/\/redinfor.com.pe\/portal\/?p=52901"},"modified":"2026-04-30T13:28:46","modified_gmt":"2026-04-30T18:28:46","slug":"colombia-convocatoria-de-agente-territorial-departamento-del-putumayo","status":"publish","type":"post","link":"https:\/\/redinfor.com.pe\/portal\/2026\/04\/30\/colombia-convocatoria-de-agente-territorial-departamento-del-putumayo\/","title":{"rendered":"[COLOMBIA] CONVOCATORIA DE AGENTE TERRITORIAL DEPARTAMENTO DEL PUTUMAYO"},"content":{"rendered":"\n<p><strong>OBJETO DEL CONTRATO:\u00a0\u00a0<\/strong><br>Prestar servicios de apoyo territorial para el acompa\u00f1amiento, gesti\u00f3n, articulaci\u00f3n y ejecuci\u00f3n de actividades relacionadas con reuniones,\u00a0 talleres y eventos programados por Foro Regi\u00f3n Central en el departamento del Putumayo, as\u00ed como la recolecci\u00f3n, sistematizaci\u00f3n y reporte\u00a0 de informaci\u00f3n en temas asociados a recursos naturales, garantizando la entrega oportuna de productos, informes y memorias de las actividades desarrolladas.<\/p>\n\n\n\n<p class=\"has-text-align-center\"><a href=\"https:\/\/redinfor.com.pe\/portal\/2019\/04\/24\/sistematizacion-de-experiencias-de-programas-y-proyectos-sociales\/\" target=\"_blank\" rel=\"noreferrer noopener\"><img decoding=\"async\" src=\" https:\/\/www.redinfor.com.pe\/Avisos\/SEPPS\/SEPPS_advisor.jpg \"><\/a><\/p>\n\n\n\n<p><strong>PERFIL DEL CARGO:<\/strong><br><strong>Formaci\u00f3n acad\u00e9mica<\/strong><\/p>\n\n\n\n<ul class=\"wp-block-list\">\n<li>Profesional en \u00e1reas como: Ciencias Sociales, Trabajo Social, Administraci\u00f3n P\u00fablica,\u00a0 Ingenier\u00eda Ambiental, Sociolog\u00eda, o afines.\u00a0\u00a0<\/li>\n\n\n\n<li>Deseable formaci\u00f3n complementaria en gesti\u00f3n ambiental,\u00a0desarrollo territorial, participaci\u00f3n comunitaria o sostenibilidad.<\/li>\n<\/ul>\n\n\n\n<p><strong>Experiencia profesional<\/strong><\/p>\n\n\n\n<ul class=\"wp-block-list\">\n<li>Acompa\u00f1amiento en la planeaci\u00f3n y ejecuci\u00f3n de reuniones, talleres y eventos\u00a0 territoriales.\u00a0\u00a0<\/li>\n\n\n\n<li>Apoyo en procesos de convocatoria y articulaci\u00f3n con actores sociales, comunitarios e\u00a0 institucionales.\u00a0\u00a0<\/li>\n\n\n\n<li>Recolecci\u00f3n, an\u00e1lisis y sistematizaci\u00f3n de informaci\u00f3n en territorio.\u00a0\u00a0<\/li>\n\n\n\n<li>Elaboraci\u00f3n de informes mensuales, memorias y reportes t\u00e9cnicos.\u00a0\u00a0<\/li>\n\n\n\n<li>Participaci\u00f3n en espacios de coordinaci\u00f3n interinstitucional.\u00a0\u00a0<\/li>\n\n\n\n<li>Gesti\u00f3n log\u00edstica de actividades en campo.\u00a0\u00a0<\/li>\n\n\n\n<li>Seguimiento a actividades y entrega de resultados con soportes documentales.<\/li>\n<\/ul>\n\n\n\n<p class=\"has-text-align-center\" style=\"font-size:30px\"><strong><a href=\"https:\/\/drive.google.com\/file\/d\/15Rqrilm3J1PWmVuu4Hdf1t2lSepqNLMY\/view?usp=sharing\" target=\"_blank\" rel=\"noreferrer noopener\">VER T\u00c9RMINPOS DE REFERENCIA<\/a><\/strong><\/p>\n\n\n\n<p><strong>ENV\u00cdO DE DOCUMENTOS PARA PARTICIPAR<\/strong><br><strong><u><a href=\"mailto:direccion.bogota@foro.org.co\">direccion.bogota@foro.org.co<\/a> <\/u><\/strong><br><strong><u><a href=\"mailto:Coordinacionis.bog@foro.org.co\">Coordinacionis.bog@foro.org.co<\/a>. \u00a0<\/u>\u00a0<\/strong><br><strong><u><a href=\"mailto:Cordinacionaf@foro.org.co\">Cordinacionaf@foro.org.co<\/a>. <\/u>\u00a0<a href=\"mailto:Maritza.garcia@foro.org.co\">Maritza.garcia@foro.org.co<\/a><\/strong><\/p>\n\n\n\n<p class=\"has-text-align-center\"><a href=\"https:\/\/redinfor.com.pe\/portal\/2019\/04\/24\/responsabilidad-social-empresarial-y-relaciones-comunitarias\/\" target=\"_blank\" rel=\"noreferrer noopener\"><img decoding=\"async\" src=\" https:\/\/redinfor.com.pe\/Avisos\/RSE\/RSE_advisor_large.jpg \"><\/a><\/p>\n\n\n\n<p><\/p>\n","protected":false},"excerpt":{"rendered":"<p>OBJETO DEL CONTRATO:\u00a0\u00a0Prestar servicios de apoyo territorial para el acompa\u00f1amiento, gesti\u00f3n, articulaci\u00f3n y ejecuci\u00f3n de actividades relacionadas con reuniones,\u00a0 talleres y eventos programados por Foro Regi\u00f3n Central en el departamento&hellip; <\/p>\n","protected":false},"author":3,"featured_media":46288,"comment_status":"closed","ping_status":"closed","sticky":false,"template":"","format":"standard","meta":{"footnotes":""},"categories":[406],"tags":[139,445,1807,413,437,90,66,53,323,456,425,141,67,720],"class_list":["post-52901","post","type-post","status-publish","format-standard","has-post-thumbnail","hentry","category-convoca_pub","tag-administracion","tag-administrador","tag-agente","tag-ciencias-agrarias","tag-comunicacion","tag-desarrollo","tag-evaluacion","tag-genero","tag-gestion","tag-ingenieria","tag-ingeniero","tag-programas","tag-proyectos","tag-territorial"],"_links":{"self":[{"href":"https:\/\/redinfor.com.pe\/portal\/wp-json\/wp\/v2\/posts\/52901","targetHints":{"allow":["GET"]}}],"collection":[{"href":"https:\/\/redinfor.com.pe\/portal\/wp-json\/wp\/v2\/posts"}],"about":[{"href":"https:\/\/redinfor.com.pe\/portal\/wp-json\/wp\/v2\/types\/post"}],"author":[{"embeddable":true,"href":"https:\/\/redinfor.com.pe\/portal\/wp-json\/wp\/v2\/users\/3"}],"replies":[{"embeddable":true,"href":"https:\/\/redinfor.com.pe\/portal\/wp-json\/wp\/v2\/comments?post=52901"}],"version-history":[{"count":1,"href":"https:\/\/redinfor.com.pe\/portal\/wp-json\/wp\/v2\/posts\/52901\/revisions"}],"predecessor-version":[{"id":52902,"href":"https:\/\/redinfor.com.pe\/portal\/wp-json\/wp\/v2\/posts\/52901\/revisions\/52902"}],"wp:featuredmedia":[{"embeddable":true,"href":"https:\/\/redinfor.com.pe\/portal\/wp-json\/wp\/v2\/media\/46288"}],"wp:attachment":[{"href":"https:\/\/redinfor.com.pe\/portal\/wp-json\/wp\/v2\/media?parent=52901"}],"wp:term":[{"taxonomy":"category","embeddable":true,"href":"https:\/\/redinfor.com.pe\/portal\/wp-json\/wp\/v2\/categories?post=52901"},{"taxonomy":"post_tag","embeddable":true,"href":"https:\/\/redinfor.com.pe\/portal\/wp-json\/wp\/v2\/tags?post=52901"}],"curies":[{"name":"wp","href":"https:\/\/api.w.org\/{rel}","templated":true}]}}