{"id":52908,"date":"2026-04-30T13:41:03","date_gmt":"2026-04-30T18:41:03","guid":{"rendered":"https:\/\/redinfor.com.pe\/portal\/?p=52908"},"modified":"2026-04-30T13:41:05","modified_gmt":"2026-04-30T18:41:05","slug":"ecuador-consultoria-para-la-elaboracion-plan-de-intervencion-participativo-sobre-manejo-forestal-en-comunidades-de-la-foin-del-proyecto-maryapanka-sanemos-nuestros-bosques-foin","status":"publish","type":"post","link":"https:\/\/redinfor.com.pe\/portal\/2026\/04\/30\/ecuador-consultoria-para-la-elaboracion-plan-de-intervencion-participativo-sobre-manejo-forestal-en-comunidades-de-la-foin-del-proyecto-maryapanka-sanemos-nuestros-bosques-foin\/","title":{"rendered":"[ECUADOR] CONSULTOR\u00cdA PARA LA ELABORACI\u00d3N PLAN DE INTERVENCI\u00d3N PARTICIPATIVO SOBRE MANEJO FORESTAL EN COMUNIDADES DE LA FOIN DEL PROYECTO \u201cMARYAPANKA, SANEMOS NUESTROS BOSQUES FOIN\u201d"},"content":{"rendered":"\n<p><strong>Objeto social de la FOIN:<\/strong><br>La misi\u00f3n de FOIN es la b\u00fasqueda del mejoramiento de su calidad de\u00a0 vida mediante el fortalecimiento de las comunidades y pueblos filiales, el impulso de programas\u00a0 de desarrollo comunitario, la defensa comunitaria del medio ambiente y los recursos naturales, la\u00a0 revalorizaci\u00f3n de los contenidos culturales propios y la capacitaci\u00f3n a dirigentes de los distintos\u00a0 pueblos amaz\u00f3nicos.\u00a0<\/p>\n\n\n\n<p class=\"has-text-align-center\"><a href=\"https:\/\/redinfor.com.pe\/portal\/2019\/04\/24\/responsabilidad-social-empresarial-y-relaciones-comunitarias\/\" target=\"_blank\" rel=\"noreferrer noopener\"><img decoding=\"async\" src=\" https:\/\/www.redinfor.com.pe\/Avisos\/RSE\/RSE_advisor.jpg \"><\/a><\/p>\n\n\n\n<p><strong>Perfil Equipo\u00a0<\/strong><br><strong>Perfil Coordinador\u00a0<\/strong><\/p>\n\n\n\n<ul class=\"wp-block-list\">\n<li>Profesional en Ciencias Biol\u00f3gicas, Ingenier\u00eda forestal, Ambiental, Agronom\u00eda o carreras\u00a0 afines.\u00a0<\/li>\n\n\n\n<li>T\u00edtulo de cuarto nivel en \u00e1reas afines a la consultor\u00eda.\u00a0<\/li>\n\n\n\n<li>3 a\u00f1os de experiencia laboral en el conocimiento de manejo forestal de la Amazon\u00eda.<\/li>\n\n\n\n<li>3 a\u00f1os con experiencia en el seguimiento o monitoreo forestal, adem\u00e1s de talleres y\u00a0 recolecci\u00f3n de informaci\u00f3n primaria con participaci\u00f3n de actores de gobierno y\/o\u00a0 comunidades locales y\/o sociedad civil.\u00a0<\/li>\n<\/ul>\n\n\n\n<p><strong>Experiencia Coordinador&nbsp;<\/strong><\/p>\n\n\n\n<ul class=\"wp-block-list\">\n<li>Experiencia profesional en manejo forestal comunitario y conservaci\u00f3n en la Amazon\u00eda de\u00a0 preferencia en la provincia del Napo.\u00a0<\/li>\n\n\n\n<li>Experiencia demostrada en metodolog\u00edas participativas y trabajo con pueblos ind\u00edgenas y\u00a0 organizaciones de base.\u00a0<\/li>\n\n\n\n<li>Conocimiento sobre planes de vida y gesti\u00f3n territorial ind\u00edgena.\u00a0<\/li>\n\n\n\n<li>Manejo m\u00ednimo de herramientas inform\u00e1ticas geogr\u00e1ficas.\u00a0<\/li>\n\n\n\n<li>Deseable conocimiento de idiomas de nacionalidades ind\u00edgenas.<\/li>\n<\/ul>\n\n\n\n<p class=\"has-text-align-center\" style=\"font-size:30px\"><strong><a href=\"https:\/\/drive.google.com\/file\/d\/1b-0WgdPCI6eCM3eWV9cKYpfOWVPYkgq9\/view?usp=sharing\" target=\"_blank\" rel=\"noreferrer noopener\">VER T\u00c9RMINOS DE REFERENCIA<\/a><\/strong><\/p>\n\n\n\n<p><strong>Las hojas de vida, carta de inter\u00e9s y propuesta t\u00e9cnica y econ\u00f3mica, con las respectivas firmas de&nbsp; responsabilidad deber\u00e1n ser entregadas a la siguiente direcci\u00f3n electr\u00f3nica:&nbsp; <a href=\"mailto:foinsecretaria2021@gmail.com\">foinsecretaria2021@gmail.com<\/a> \/ <a href=\"mailto:tecnicosfoin@gmail.com\">tecnicosfoin@gmail.com<\/a>. Asunto: Aplicaci\u00f3n: Plan de&nbsp; intervenci\u00f3n Plan de Intervenci\u00f3n Participativo para el Manejo Forestal Comunitario-MFC.&nbsp;<\/strong><\/p>\n\n\n\n<p class=\"has-text-align-center\"><a href=\"https:\/\/redinfor.com.pe\/portal\/2019\/04\/24\/sistematizacion-de-experiencias-de-programas-y-proyectos-sociales\/\" target=\"_blank\" rel=\"noreferrer noopener\"><img decoding=\"async\" src=\" https:\/\/redinfor.com.pe\/Avisos\/SEPPS\/SEPPS_advisor_large.jpg \"><\/a><\/p>\n\n\n\n<p><\/p>\n","protected":false},"excerpt":{"rendered":"<p>Objeto social de la FOIN:La misi\u00f3n de FOIN es la b\u00fasqueda del mejoramiento de su calidad de\u00a0 vida mediante el fortalecimiento de las comunidades y pueblos filiales, el impulso de&hellip; <\/p>\n","protected":false},"author":3,"featured_media":39047,"comment_status":"closed","ping_status":"closed","sticky":false,"template":"","format":"standard","meta":{"footnotes":""},"categories":[406],"tags":[139,865,437,90,66,475,53,323,4990,456,425,202,141,67],"class_list":["post-52908","post","type-post","status-publish","format-standard","has-post-thumbnail","hentry","category-convoca_pub","tag-administracion","tag-agronomia","tag-comunicacion","tag-desarrollo","tag-evaluacion","tag-forestal","tag-genero","tag-gestion","tag-ingeniera","tag-ingenieria","tag-ingeniero","tag-intervencion","tag-programas","tag-proyectos"],"_links":{"self":[{"href":"https:\/\/redinfor.com.pe\/portal\/wp-json\/wp\/v2\/posts\/52908","targetHints":{"allow":["GET"]}}],"collection":[{"href":"https:\/\/redinfor.com.pe\/portal\/wp-json\/wp\/v2\/posts"}],"about":[{"href":"https:\/\/redinfor.com.pe\/portal\/wp-json\/wp\/v2\/types\/post"}],"author":[{"embeddable":true,"href":"https:\/\/redinfor.com.pe\/portal\/wp-json\/wp\/v2\/users\/3"}],"replies":[{"embeddable":true,"href":"https:\/\/redinfor.com.pe\/portal\/wp-json\/wp\/v2\/comments?post=52908"}],"version-history":[{"count":1,"href":"https:\/\/redinfor.com.pe\/portal\/wp-json\/wp\/v2\/posts\/52908\/revisions"}],"predecessor-version":[{"id":52910,"href":"https:\/\/redinfor.com.pe\/portal\/wp-json\/wp\/v2\/posts\/52908\/revisions\/52910"}],"wp:featuredmedia":[{"embeddable":true,"href":"https:\/\/redinfor.com.pe\/portal\/wp-json\/wp\/v2\/media\/39047"}],"wp:attachment":[{"href":"https:\/\/redinfor.com.pe\/portal\/wp-json\/wp\/v2\/media?parent=52908"}],"wp:term":[{"taxonomy":"category","embeddable":true,"href":"https:\/\/redinfor.com.pe\/portal\/wp-json\/wp\/v2\/categories?post=52908"},{"taxonomy":"post_tag","embeddable":true,"href":"https:\/\/redinfor.com.pe\/portal\/wp-json\/wp\/v2\/tags?post=52908"}],"curies":[{"name":"wp","href":"https:\/\/api.w.org\/{rel}","templated":true}]}}