{"id":52911,"date":"2026-04-30T13:45:08","date_gmt":"2026-04-30T18:45:08","guid":{"rendered":"https:\/\/redinfor.com.pe\/portal\/?p=52911"},"modified":"2026-04-30T13:45:11","modified_gmt":"2026-04-30T18:45:11","slug":"ecuador-consultoria-especializada-para-el-fortalecimiento-organizativo-de-mujeres-lideresas-comunitarias","status":"publish","type":"post","link":"https:\/\/redinfor.com.pe\/portal\/2026\/04\/30\/ecuador-consultoria-especializada-para-el-fortalecimiento-organizativo-de-mujeres-lideresas-comunitarias\/","title":{"rendered":"[ECUADOR] CONSULTOR\u00cdA ESPECIALIZADA PARA EL FORTALECIMIENTO ORGANIZATIVO DE MUJERES LIDERESAS COMUNITARIAS"},"content":{"rendered":"\n<p><strong>Objetivo general\u00a0\u00a0<\/strong><br>Fortalecer a organizaciones, colectivos o grupos de mujeres (migrantes y de comunidad\u00a0 de acogida) mediante procesos de acompa\u00f1amiento t\u00e9cnico y operativo para mejorar su\u00a0 capacidad y estructura organizativa.\u00a0<\/p>\n\n\n\n<p class=\"has-text-align-center\"><a href=\"https:\/\/redinfor.com.pe\/portal\/2019\/04\/24\/transversalizacion-del-enfoque-de-genero-en-programas-y-proyectos-sociales\/\" target=\"_blank\" rel=\"noreferrer noopener\"><img decoding=\"async\" src=\" https:\/\/www.redinfor.com.pe\/Avisos\/TEGPPS\/TEGPPS_advisor.jpg \"><\/a><\/p>\n\n\n\n<p><strong>PERFIL PERSONA CONSULTORA Y\/O EQUIPO CONSULTOR&nbsp;&nbsp;<\/strong><\/p>\n\n\n\n<ul class=\"wp-block-list\">\n<li>Profesional en Ciencias Sociales, Psicolog\u00eda, Sociolog\u00eda, Trabajo Social, Educaci\u00f3n, o\u00a0 carreras afines, preferiblemente con formaci\u00f3n de cuarto nivel.\u00a0<\/li>\n\n\n\n<li>Formaci\u00f3n y experiencia comprobable en g\u00e9nero, derechos humanos, violencia\u00a0 basada en g\u00e9nero, movilidad humana u otros \u00e1mbitos relacionados.\u00a0<\/li>\n\n\n\n<li>Trayectoria demostrable en procesos de acompa\u00f1amiento t\u00e9cnico para el\u00a0 fortalecimiento organizativo de colectivos, organizaciones sociales o grupos\u00a0 comunitarios, as\u00ed como en la facilitaci\u00f3n de procesos participativos y el dise\u00f1o e\u00a0 implementaci\u00f3n de metodolog\u00edas orientadas al trabajo con comunidades y\u00a0 organizaciones sociales.\u00a0<\/li>\n\n\n\n<li>Experiencia en el trabajo con poblaci\u00f3n en contextos de vulnerabilidad,\u00a0 particularmente con mujeres migrantes y comunidades de acogida, incorporando\u00a0 enfoques de g\u00e9nero, derechos humanos e interseccionalidad en intervenciones\u00a0 sociales.\u00a0<\/li>\n\n\n\n<li>Manejo de metodolog\u00edas participativas con enfoque interseccional aplicadas a\u00a0 procesos de capacitaci\u00f3n.\u00a0\u00a0<\/li>\n\n\n\n<li>Deseable: experiencia en articulaci\u00f3n con organizaciones sociales y\/o instituciones\u00a0 p\u00fablicas en procesos comunitarios, as\u00ed como habilidades para el manejo de grupos,\u00a0 mediaci\u00f3n y resoluci\u00f3n de din\u00e1micas colectivas.\u00a0<\/li>\n<\/ul>\n\n\n\n<p class=\"has-text-align-center\" style=\"font-size:30px\"><strong><a href=\"https:\/\/drive.google.com\/file\/d\/1vHDMb8R5lRGrBM5EpDm4xl61l-80xfY3\/view?usp=sharing\" target=\"_blank\" rel=\"noreferrer noopener\">VER T\u00c9RMINOS DE REFERENCIA<\/a><\/strong><\/p>\n\n\n\n<p><strong>ENV\u00cdO DE PROPUESTAS\u00a0\u00a0<\/strong><br>Las personas o entidades interesadas deben enviar su propuesta t\u00e9cnica y econ\u00f3mica,\u00a0 incluyendo el cronograma de trabajo y hoja(s) de vida con documentos de respaldo, al\u00a0 correo<strong>: <a href=\"mailto:equipo@akuanuna.org\">equipo@akuanuna.org<\/a>,<\/strong> con el asunto: Consultor\u00eda especializada para\u00a0 implementar un proceso de acompa\u00f1amiento t\u00e9cnico a organizaciones, colectivos y\u00a0 grupos de mujeres en la parroqu\u00eda de Calder\u00f3n\u00a0\u00a0<\/p>\n\n\n\n<p><strong>Fecha l\u00edmite: <\/strong>08 de mayo de 2026, hasta las 23h59 (hora de Ecuador).<\/p>\n\n\n\n<p class=\"has-text-align-center\"><a href=\"https:\/\/redinfor.com.pe\/portal\/2019\/04\/24\/metodologias-de-capacitacion-para-poblaciones-rurales\/\" target=\"_blank\" rel=\"noreferrer noopener\"><img decoding=\"async\" src=\" https:\/\/redinfor.com.pe\/Avisos\/MCPR\/MCPR_advisor_large.jpg \"><\/a><\/p>\n\n\n\n<p><\/p>\n","protected":false},"excerpt":{"rendered":"<p>Objetivo general\u00a0\u00a0Fortalecer a organizaciones, colectivos o grupos de mujeres (migrantes y de comunidad\u00a0 de acogida) mediante procesos de acompa\u00f1amiento t\u00e9cnico y operativo para mejorar su\u00a0 capacidad y estructura organizativa.\u00a0 PERFIL&hellip; <\/p>\n","protected":false},"author":3,"featured_media":4919,"comment_status":"closed","ping_status":"closed","sticky":false,"template":"","format":"standard","meta":{"footnotes":""},"categories":[406],"tags":[139,260,90,3820,66,53,323,456,425,165,141,67,436,4761],"class_list":["post-52911","post","type-post","status-publish","format-standard","has-post-thumbnail","hentry","category-convoca_pub","tag-administracion","tag-comunitarias","tag-desarrollo","tag-especialidad","tag-evaluacion","tag-genero","tag-gestion","tag-ingenieria","tag-ingeniero","tag-mujeres","tag-programas","tag-proyectos","tag-psicologia","tag-trabajador-social"],"_links":{"self":[{"href":"https:\/\/redinfor.com.pe\/portal\/wp-json\/wp\/v2\/posts\/52911","targetHints":{"allow":["GET"]}}],"collection":[{"href":"https:\/\/redinfor.com.pe\/portal\/wp-json\/wp\/v2\/posts"}],"about":[{"href":"https:\/\/redinfor.com.pe\/portal\/wp-json\/wp\/v2\/types\/post"}],"author":[{"embeddable":true,"href":"https:\/\/redinfor.com.pe\/portal\/wp-json\/wp\/v2\/users\/3"}],"replies":[{"embeddable":true,"href":"https:\/\/redinfor.com.pe\/portal\/wp-json\/wp\/v2\/comments?post=52911"}],"version-history":[{"count":1,"href":"https:\/\/redinfor.com.pe\/portal\/wp-json\/wp\/v2\/posts\/52911\/revisions"}],"predecessor-version":[{"id":52912,"href":"https:\/\/redinfor.com.pe\/portal\/wp-json\/wp\/v2\/posts\/52911\/revisions\/52912"}],"wp:featuredmedia":[{"embeddable":true,"href":"https:\/\/redinfor.com.pe\/portal\/wp-json\/wp\/v2\/media\/4919"}],"wp:attachment":[{"href":"https:\/\/redinfor.com.pe\/portal\/wp-json\/wp\/v2\/media?parent=52911"}],"wp:term":[{"taxonomy":"category","embeddable":true,"href":"https:\/\/redinfor.com.pe\/portal\/wp-json\/wp\/v2\/categories?post=52911"},{"taxonomy":"post_tag","embeddable":true,"href":"https:\/\/redinfor.com.pe\/portal\/wp-json\/wp\/v2\/tags?post=52911"}],"curies":[{"name":"wp","href":"https:\/\/api.w.org\/{rel}","templated":true}]}}