{"id":52913,"date":"2026-04-30T14:19:19","date_gmt":"2026-04-30T19:19:19","guid":{"rendered":"https:\/\/redinfor.com.pe\/portal\/?p=52913"},"modified":"2026-04-30T14:19:21","modified_gmt":"2026-04-30T19:19:21","slug":"peru-convocatoria-de-superintendente-de-relaciones-comunitarias-para-una-empresa-minera","status":"publish","type":"post","link":"https:\/\/redinfor.com.pe\/portal\/2026\/04\/30\/peru-convocatoria-de-superintendente-de-relaciones-comunitarias-para-una-empresa-minera\/","title":{"rendered":"[PER\u00da] CONVOCATORIA DE SUPERINTENDENTE DE RELACIONES COMUNITARIAS PARA UNA EMPRESA MINERA."},"content":{"rendered":"\n<p><strong>LIMA &#8211; PER\u00da<\/strong><\/p>\n\n\n\n<p><strong>Funciones:<\/strong><\/p>\n\n\n\n<ul class=\"wp-block-list\">\n<li>Liderar la estrategia de gesti\u00f3n social en el \u00e1rea de influencia directa e indirecta de la operaci\u00f3n.<\/li>\n\n\n\n<li>Construir y mantener relaciones de confianza con comunidades, autoridades locales, l\u00edderes sociales y stakeholders clave.<\/li>\n\n\n\n<li>Gestionar procesos de di\u00e1logo, negociaci\u00f3n y resoluci\u00f3n de conflictos sociales.<\/li>\n\n\n\n<li>Supervisar la ejecuci\u00f3n de programas de inversi\u00f3n social, desarrollo sostenible y responsabilidad social.<\/li>\n\n\n\n<li>Asegurar el cumplimiento de compromisos asumidos en instrumentos como:<\/li>\n\n\n\n<li>EIA (Estudios de Impacto Ambiental)<\/li>\n\n\n\n<li>Planes de Relaciones Comunitarias<\/li>\n\n\n\n<li>Convenios marco y acuerdos con comunidades<\/li>\n\n\n\n<li>Coordinar con \u00e1reas internas (Operaciones, Legal, Medio Ambiente, RRHH) para una gesti\u00f3n integrada del territorio.<\/li>\n\n\n\n<li>Monitorear riesgos sociales y dise\u00f1ar planes de mitigaci\u00f3n.<\/li>\n\n\n\n<li>Representar a la compa\u00f1\u00eda ante entidades p\u00fablicas como:<\/li>\n\n\n\n<li>Ministerio de Energ\u00eda y Minas del Per\u00fa<\/li>\n\n\n\n<li>Defensor\u00eda del Pueblo<\/li>\n\n\n\n<li>Liderar equipos multidisciplinarios en campo (gestores sociales, facilitadores, etc.).<\/li>\n<\/ul>\n\n\n\n<p class=\"has-text-align-center\"><a href=\"https:\/\/redinfor.com.pe\/portal\/2019\/04\/24\/responsabilidad-social-empresarial-y-relaciones-comunitarias\/\" target=\"_blank\" rel=\"noreferrer noopener\"><img decoding=\"async\" src=\" https:\/\/www.redinfor.com.pe\/Avisos\/RSE\/RSE_advisor.jpg \"><\/a><\/p>\n\n\n\n<p><strong>Requisitos:<\/strong><\/p>\n\n\n\n<ul class=\"wp-block-list\">\n<li>Profesional en Sociolog\u00eda, Antropolog\u00eda, Trabajo Social, Derecho o carreras afines.<\/li>\n\n\n\n<li>Deseable: Maestr\u00eda en Gesti\u00f3n Social, Desarrollo Sostenible o Gesti\u00f3n de Conflictos<\/li>\n\n\n\n<li>+8 a\u00f1os en gesti\u00f3n social o relaciones comunitarias en miner\u00eda.<\/li>\n\n\n\n<li>Ocupar cargos de Liderazgo al menos unos 4 a\u00f1os.<\/li>\n<\/ul>\n\n\n\n<p><strong>Los profesionales interesados en postular, por favor enviar su cv al correo:\u00a0<a href=\"mailto:vmendoza@ihgroup.pe\" target=\"_blank\" rel=\"noreferrer noopener\">vmendoza@ihgroup.pe<\/a>.<br>Importante de indicar sus pretensiones salariales.<\/strong><\/p>\n\n\n\n<p class=\"has-text-align-center\"><a href=\"https:\/\/redinfor.com.pe\/portal\/2019\/11\/06\/diseno-y-metodos-de-evaluacion-de-impacto\/\" target=\"_blank\" rel=\"noreferrer noopener\"><img decoding=\"async\" src=\" https:\/\/redinfor.com.pe\/Avisos\/DMEI\/DMEI_advisor_large.jpg \"><\/a><\/p>\n","protected":false},"excerpt":{"rendered":"<p>LIMA &#8211; PER\u00da Funciones: Requisitos: Los profesionales interesados en postular, por favor enviar su cv al correo:\u00a0vmendoza@ihgroup.pe.Importante de indicar sus pretensiones salariales.<\/p>\n","protected":false},"author":3,"featured_media":46590,"comment_status":"closed","ping_status":"closed","sticky":false,"template":"","format":"standard","meta":{"footnotes":""},"categories":[406],"tags":[139,437,260,90,66,53,323,456,425,141,67,291,2244],"class_list":["post-52913","post","type-post","status-publish","format-standard","has-post-thumbnail","hentry","category-convoca_pub","tag-administracion","tag-comunicacion","tag-comunitarias","tag-desarrollo","tag-evaluacion","tag-genero","tag-gestion","tag-ingenieria","tag-ingeniero","tag-programas","tag-proyectos","tag-relacionamiento","tag-superintendencia"],"_links":{"self":[{"href":"https:\/\/redinfor.com.pe\/portal\/wp-json\/wp\/v2\/posts\/52913","targetHints":{"allow":["GET"]}}],"collection":[{"href":"https:\/\/redinfor.com.pe\/portal\/wp-json\/wp\/v2\/posts"}],"about":[{"href":"https:\/\/redinfor.com.pe\/portal\/wp-json\/wp\/v2\/types\/post"}],"author":[{"embeddable":true,"href":"https:\/\/redinfor.com.pe\/portal\/wp-json\/wp\/v2\/users\/3"}],"replies":[{"embeddable":true,"href":"https:\/\/redinfor.com.pe\/portal\/wp-json\/wp\/v2\/comments?post=52913"}],"version-history":[{"count":1,"href":"https:\/\/redinfor.com.pe\/portal\/wp-json\/wp\/v2\/posts\/52913\/revisions"}],"predecessor-version":[{"id":52916,"href":"https:\/\/redinfor.com.pe\/portal\/wp-json\/wp\/v2\/posts\/52913\/revisions\/52916"}],"wp:featuredmedia":[{"embeddable":true,"href":"https:\/\/redinfor.com.pe\/portal\/wp-json\/wp\/v2\/media\/46590"}],"wp:attachment":[{"href":"https:\/\/redinfor.com.pe\/portal\/wp-json\/wp\/v2\/media?parent=52913"}],"wp:term":[{"taxonomy":"category","embeddable":true,"href":"https:\/\/redinfor.com.pe\/portal\/wp-json\/wp\/v2\/categories?post=52913"},{"taxonomy":"post_tag","embeddable":true,"href":"https:\/\/redinfor.com.pe\/portal\/wp-json\/wp\/v2\/tags?post=52913"}],"curies":[{"name":"wp","href":"https:\/\/api.w.org\/{rel}","templated":true}]}}