{"id":52917,"date":"2026-04-30T14:24:12","date_gmt":"2026-04-30T19:24:12","guid":{"rendered":"https:\/\/redinfor.com.pe\/portal\/?p=52917"},"modified":"2026-04-30T14:24:15","modified_gmt":"2026-04-30T19:24:15","slug":"bolivia-consultoria-servicio-produccion-audiovisual","status":"publish","type":"post","link":"https:\/\/redinfor.com.pe\/portal\/2026\/04\/30\/bolivia-consultoria-servicio-produccion-audiovisual\/","title":{"rendered":"[BOLIVIA] CONSULTORIA SERVICIO\u00a0PRODUCCI\u00d3N AUDIOVISUAL"},"content":{"rendered":"\n<p><strong>Objetivo de la consultor\u00eda\u00a0<\/strong><br>Realizar la conceptualizaci\u00f3n, producci\u00f3n, edici\u00f3n y difusi\u00f3n de un audiovisual institucional que visi bilice la experiencia y quehacer de la Fundaci\u00f3n Amigos de la Naturaleza, destacando su contribuci\u00f3n al desarrollo sostenible de Bolivia a trav\u00e9s de sus cuatro programas institucionales:\u00a0<\/p>\n\n\n\n<ul class=\"wp-block-list\">\n<li>Bosques y biodiversidad\u00a0\u00a0<\/li>\n\n\n\n<li>Cadenas de valor\u00a0\u00a0<\/li>\n\n\n\n<li>Cambio clim\u00e1tico\u00a0\u00a0<\/li>\n\n\n\n<li>Comunidades y ciudades resilientes\u00a0\u00a0<\/li>\n<\/ul>\n\n\n\n<p>El audiovisual deber\u00e1 contar con una narrativa clara, emotiva e institucional, y estar dise\u00f1ado para su&nbsp; difusi\u00f3n en plataformas digitales y redes sociales, cumpliendo est\u00e1ndares t\u00e9cnicos y est\u00e9ticos de&nbsp; producci\u00f3n profesional.&nbsp;<\/p>\n\n\n\n<p class=\"has-text-align-center\"><a href=\"https:\/\/redinfor.com.pe\/portal\/2019\/04\/24\/responsabilidad-social-empresarial-y-relaciones-comunitarias\/\" target=\"_blank\" rel=\"noreferrer noopener\"><img decoding=\"async\" src=\" https:\/\/www.redinfor.com.pe\/Avisos\/RSE\/RSE_advisor.jpg \"><\/a><\/p>\n\n\n\n<p><strong>Perfil de la empresa\/consultor\u00a0<\/strong><br><strong>El consultor o la empresa consultora deber\u00e1 cumplir con los siguientes requisitos:\u00a0<\/strong><\/p>\n\n\n\n<ul class=\"wp-block-list\">\n<li>Empresa legalmente constituida (NIT, Registro de comercio).<\/li>\n\n\n\n<li>Experiencia m\u00ednima de 5 a\u00f1os en producci\u00f3n de documentales o material audiovisual de alta\u00a0 calidad animaci\u00f3n, locuci\u00f3n, gr\u00e1ficos animados.\u00a0<\/li>\n\n\n\n<li>Experiencia en marketing para el desarrollo social con conocimiento territorial en tierras ba jas y altas de Bolivia.\u00a0<\/li>\n\n\n\n<li>Experiencia en construcci\u00f3n de discurso narrativo marca pa\u00eds, identidad, sostenibilidad y ac tivaci\u00f3n de ecosistemas locales.\u00a0<\/li>\n\n\n\n<li>Musicalizaci\u00f3n original o de cat\u00e1logo.\u00a0\u00a0<\/li>\n\n\n\n<li>Experiencia comprobada en guionizaci\u00f3n.\u00a0\u00a0<\/li>\n\n\n\n<li>Experiencia de rodaje con tem\u00e1tica ambiental.\u00a0<\/li>\n\n\n\n<li>Contar con equipos profesionales de alta resoluci\u00f3n full HD.\u00a0<\/li>\n\n\n\n<li>Experiencia en producci\u00f3n y post producci\u00f3n audiovisual.<\/li>\n<\/ul>\n\n\n\n<p class=\"has-text-align-center\" style=\"font-size:30px\"><strong><a href=\"https:\/\/drive.google.com\/file\/d\/1cROv1Yhgnp6AIURnlS0KzfqMQM3e3kYK\/view?usp=sharing\" target=\"_blank\" rel=\"noreferrer noopener\">VER T\u00c9RMINOS DE REFERENCIA<\/a><\/strong><\/p>\n\n\n\n<p><strong>Las postulaciones se recibir\u00e1n hasta el 6 de mayo del 2026 a la direcci\u00f3n de correo:&nbsp; <a href=\"mailto:contrataciones@fan-bo.org\">contrataciones@fan-bo.org<\/a>; &nbsp;con el siguiente asunto: Asunto: 301\/2026:<\/strong> Producci\u00f3n audiovisual. Las propuestas entregadas fuera de la hora establecida no ser\u00e1n consideradas y&nbsp; solo se contactar\u00e1n a los oferentes que precalifiquen.<\/p>\n\n\n\n<p class=\"has-text-align-center\"><a href=\"https:\/\/redinfor.com.pe\/portal\/2019\/04\/24\/diseno-metodologico-de-lineas-de-base\/\" target=\"_blank\" rel=\"noreferrer noopener\"><img decoding=\"async\" src=\" https:\/\/redinfor.com.pe\/Avisos\/DMLB\/DMLB_advisor_large.jpg \"><\/a><\/p>\n\n\n\n<p><\/p>\n","protected":false},"excerpt":{"rendered":"<p>Objetivo de la consultor\u00eda\u00a0Realizar la conceptualizaci\u00f3n, producci\u00f3n, edici\u00f3n y difusi\u00f3n de un audiovisual institucional que visi bilice la experiencia y quehacer de la Fundaci\u00f3n Amigos de la Naturaleza, destacando su&hellip; <\/p>\n","protected":false},"author":3,"featured_media":46719,"comment_status":"closed","ping_status":"closed","sticky":false,"template":"","format":"standard","meta":{"footnotes":""},"categories":[406],"tags":[139,1800,437,90,66,336,53,323,456,425,1562,709,141,67],"class_list":["post-52917","post","type-post","status-publish","format-standard","has-post-thumbnail","hentry","category-convoca_pub","tag-administracion","tag-audiovisual","tag-comunicacion","tag-desarrollo","tag-evaluacion","tag-experiencia","tag-genero","tag-gestion","tag-ingenieria","tag-ingeniero","tag-naturaleza","tag-produccion","tag-programas","tag-proyectos"],"_links":{"self":[{"href":"https:\/\/redinfor.com.pe\/portal\/wp-json\/wp\/v2\/posts\/52917","targetHints":{"allow":["GET"]}}],"collection":[{"href":"https:\/\/redinfor.com.pe\/portal\/wp-json\/wp\/v2\/posts"}],"about":[{"href":"https:\/\/redinfor.com.pe\/portal\/wp-json\/wp\/v2\/types\/post"}],"author":[{"embeddable":true,"href":"https:\/\/redinfor.com.pe\/portal\/wp-json\/wp\/v2\/users\/3"}],"replies":[{"embeddable":true,"href":"https:\/\/redinfor.com.pe\/portal\/wp-json\/wp\/v2\/comments?post=52917"}],"version-history":[{"count":1,"href":"https:\/\/redinfor.com.pe\/portal\/wp-json\/wp\/v2\/posts\/52917\/revisions"}],"predecessor-version":[{"id":52918,"href":"https:\/\/redinfor.com.pe\/portal\/wp-json\/wp\/v2\/posts\/52917\/revisions\/52918"}],"wp:featuredmedia":[{"embeddable":true,"href":"https:\/\/redinfor.com.pe\/portal\/wp-json\/wp\/v2\/media\/46719"}],"wp:attachment":[{"href":"https:\/\/redinfor.com.pe\/portal\/wp-json\/wp\/v2\/media?parent=52917"}],"wp:term":[{"taxonomy":"category","embeddable":true,"href":"https:\/\/redinfor.com.pe\/portal\/wp-json\/wp\/v2\/categories?post=52917"},{"taxonomy":"post_tag","embeddable":true,"href":"https:\/\/redinfor.com.pe\/portal\/wp-json\/wp\/v2\/tags?post=52917"}],"curies":[{"name":"wp","href":"https:\/\/api.w.org\/{rel}","templated":true}]}}