{"id":52919,"date":"2026-04-30T14:33:29","date_gmt":"2026-04-30T19:33:29","guid":{"rendered":"https:\/\/redinfor.com.pe\/portal\/?p=52919"},"modified":"2026-04-30T14:33:31","modified_gmt":"2026-04-30T19:33:31","slug":"ecuador-consultoria-especializada-para-el-desarrollo-de-programa-de-capacitacion-dirigido-a-la-comunidad-de-calderon","status":"publish","type":"post","link":"https:\/\/redinfor.com.pe\/portal\/2026\/04\/30\/ecuador-consultoria-especializada-para-el-desarrollo-de-programa-de-capacitacion-dirigido-a-la-comunidad-de-calderon\/","title":{"rendered":"[ECUADOR] CONSULTOR\u00cdA ESPECIALIZADA PARA EL DESARROLLO DE PROGRAMA DE CAPACITACI\u00d3N DIRIGIDO A LA COMUNIDAD DE CALDER\u00d3N"},"content":{"rendered":"\n<p><strong>Objetivo general\u00a0\u00a0<\/strong><br>Desarrollar una propuesta del programa de capacitaci\u00f3n (desarrollo de talleres de\u00a0 capacitaci\u00f3n) enfocados en la promoci\u00f3n y acceso a los derechos sexuales y\u00a0 reproductivos, el derecho a una vida libre de violencia de g\u00e9nero para la prevenci\u00f3n de la\u00a0 VBG, dirigido a personas migrantes venezolanas y de comunidad de acogida en general.\u00a0\u00a0<\/p>\n\n\n\n<p class=\"has-text-align-center\"><a href=\"https:\/\/redinfor.com.pe\/portal\/2019\/04\/24\/transversalizacion-del-enfoque-de-genero-en-programas-y-proyectos-sociales\/\" target=\"_blank\" rel=\"noreferrer noopener\"><img decoding=\"async\" src=\" https:\/\/www.redinfor.com.pe\/Avisos\/TEGPPS\/TEGPPS_advisor.jpg \"><\/a><\/p>\n\n\n\n<p><strong>PERFIL DE LA PERSONA CONSULTORA Y\/O EQUIPO CONSULTOR&nbsp;&nbsp;<\/strong><\/p>\n\n\n\n<ul class=\"wp-block-list\">\n<li>Profesional\/es en Ciencias Sociales, Educaci\u00f3n, Pedagog\u00eda, Psicolog\u00eda o carreras afines,\u00a0 preferiblemente con formaci\u00f3n de cuarto nivel.\u00a0<\/li>\n\n\n\n<li>Formaci\u00f3n y experiencia comprobable en g\u00e9nero, derechos humanos, violencia\u00a0 basada en g\u00e9nero, movilidad humana u otros \u00e1mbitos relacionados.\u00a0<\/li>\n\n\n\n<li>Experiencia demostrable en el dise\u00f1o de metodolog\u00edas de formaci\u00f3n y facilitaci\u00f3n de\u00a0 programa de capacitaci\u00f3n, as\u00ed como en la elaboraci\u00f3n de documentos t\u00e9cnicos.<\/li>\n\n\n\n<li>Conocimiento y experiencia en trabajo con organizaciones sociales y\/o instituciones\u00a0 p\u00fablicas, en procesos de formaci\u00f3n y\/o capacitaci\u00f3n con enfoque de g\u00e9nero, derechos\u00a0 y protecci\u00f3n.\u00a0<\/li>\n\n\n\n<li>Manejo de metodolog\u00edas participativas con enfoque interseccional aplicadas a\u00a0 procesos de capacitaci\u00f3n.\u00a0\u00a0<\/li>\n\n\n\n<li>Experiencia demostrable para dictar talleres en la tematica de prevenci\u00f3n de la\u00a0 violencia basada en g\u00e9nero y, salud sexual y reproductiva.\u00a0\u00a0<\/li>\n\n\n\n<li>Deseable: experiencia en conducci\u00f3n de procesos formativos en contextos\u00a0 comunitarios y\/o de vulnerabilidad, con capacidad para el manejo de grupos y\u00a0 adaptaci\u00f3n metodol\u00f3gica seg\u00fan el perfil de la poblaci\u00f3n participante.\u00a0<\/li>\n<\/ul>\n\n\n\n<p class=\"has-text-align-center\" style=\"font-size:30px\"><strong><a href=\"https:\/\/drive.google.com\/file\/d\/1LRcA1O_RJxdMAHMWo_hBDW-xI_h3TknE\/view?usp=sharing\" target=\"_blank\" rel=\"noreferrer noopener\">VER T\u00c9RMINOS DE REFERENCIA<\/a><\/strong><\/p>\n\n\n\n<p><strong>ENV\u00cdO DE PROPUESTAS\u00a0\u00a0<\/strong><br><strong>Las personas o entidades interesadas deben enviar su propuesta t\u00e9cnica y econ\u00f3mica,\u00a0 incluyendo el cronograma de trabajo y hoja(s) de vida con documentos de respaldo, al\u00a0 correo: <u><a href=\"mailto:equipo@akuanuna.org\">equipo@akuanuna.org<\/a><\/u>, \u00a0con el asunto: Consultor\u00eda especializada para el dise\u00f1o e\u00a0 implementaci\u00f3n de un Programa de Capacitaci\u00f3n.<\/strong><\/p>\n\n\n\n<p class=\"has-text-align-center\"><a href=\"https:\/\/redinfor.com.pe\/portal\/2019\/04\/24\/metodologias-de-capacitacion-para-poblaciones-rurales\/\" target=\"_blank\" rel=\"noreferrer noopener\"><img decoding=\"async\" src=\" https:\/\/redinfor.com.pe\/Avisos\/MCPR\/MCPR_advisor_large.jpg \"><\/a><\/p>\n","protected":false},"excerpt":{"rendered":"<p>Objetivo general\u00a0\u00a0Desarrollar una propuesta del programa de capacitaci\u00f3n (desarrollo de talleres de\u00a0 capacitaci\u00f3n) enfocados en la promoci\u00f3n y acceso a los derechos sexuales y\u00a0 reproductivos, el derecho a una vida&hellip; <\/p>\n","protected":false},"author":3,"featured_media":46180,"comment_status":"closed","ping_status":"closed","sticky":false,"template":"","format":"standard","meta":{"footnotes":""},"categories":[406],"tags":[139,2399,398,437,90,52,66,53,323,456,425,245,141,67,94],"class_list":["post-52919","post","type-post","status-publish","format-standard","has-post-thumbnail","hentry","category-convoca_pub","tag-administracion","tag-capacidad","tag-capacidades","tag-comunicacion","tag-desarrollo","tag-enfoque-de-genero","tag-evaluacion","tag-genero","tag-gestion","tag-ingenieria","tag-ingeniero","tag-programa","tag-programas","tag-proyectos","tag-violencia"],"_links":{"self":[{"href":"https:\/\/redinfor.com.pe\/portal\/wp-json\/wp\/v2\/posts\/52919","targetHints":{"allow":["GET"]}}],"collection":[{"href":"https:\/\/redinfor.com.pe\/portal\/wp-json\/wp\/v2\/posts"}],"about":[{"href":"https:\/\/redinfor.com.pe\/portal\/wp-json\/wp\/v2\/types\/post"}],"author":[{"embeddable":true,"href":"https:\/\/redinfor.com.pe\/portal\/wp-json\/wp\/v2\/users\/3"}],"replies":[{"embeddable":true,"href":"https:\/\/redinfor.com.pe\/portal\/wp-json\/wp\/v2\/comments?post=52919"}],"version-history":[{"count":1,"href":"https:\/\/redinfor.com.pe\/portal\/wp-json\/wp\/v2\/posts\/52919\/revisions"}],"predecessor-version":[{"id":52920,"href":"https:\/\/redinfor.com.pe\/portal\/wp-json\/wp\/v2\/posts\/52919\/revisions\/52920"}],"wp:featuredmedia":[{"embeddable":true,"href":"https:\/\/redinfor.com.pe\/portal\/wp-json\/wp\/v2\/media\/46180"}],"wp:attachment":[{"href":"https:\/\/redinfor.com.pe\/portal\/wp-json\/wp\/v2\/media?parent=52919"}],"wp:term":[{"taxonomy":"category","embeddable":true,"href":"https:\/\/redinfor.com.pe\/portal\/wp-json\/wp\/v2\/categories?post=52919"},{"taxonomy":"post_tag","embeddable":true,"href":"https:\/\/redinfor.com.pe\/portal\/wp-json\/wp\/v2\/tags?post=52919"}],"curies":[{"name":"wp","href":"https:\/\/api.w.org\/{rel}","templated":true}]}}