{"id":52932,"date":"2026-04-30T16:02:27","date_gmt":"2026-04-30T21:02:27","guid":{"rendered":"https:\/\/redinfor.com.pe\/portal\/?p=52932"},"modified":"2026-04-30T16:02:30","modified_gmt":"2026-04-30T21:02:30","slug":"convocatoria-de-promotor-de-bienestar-de-la-ninez-cusco","status":"publish","type":"post","link":"https:\/\/redinfor.com.pe\/portal\/2026\/04\/30\/convocatoria-de-promotor-de-bienestar-de-la-ninez-cusco\/","title":{"rendered":"CONVOCATORIA DE PROMOTOR DE BIENESTAR DE LA NI\u00d1EZ\u00a0&#8211; CUSCO"},"content":{"rendered":"\n<p class=\"has-text-align-center has-medium-font-size\"><strong>CONVOCATORIA DE PROMOTOR DE BIENESTAR DE LA NI\u00d1EZ&nbsp;&#8211; CUSCO<\/strong><\/p>\n\n\n\n<p><strong>LA OPORTUNIDAD<\/strong><br>Promueve y genera la participaci\u00f3n e involucramiento de familias, ni\u00f1os\/ni\u00f1as afiliadas en los proyectos y programas desarrollados por Plan International. En colaboraci\u00f3n con miembros de la comunidad y aliados comunitarios facilitan el acceso a servicios para el bienestar de la ni\u00f1ez.<\/p>\n\n\n\n<p>Asegura el cumplimiento de las comunicaciones interculturales entre patrocinadores y ni\u00f1as\/ni\u00f1os afiliadas (09 compromisos de Plan International), manteniendo el v\u00ednculo con las familias afiliadas y comunidades.<\/p>\n\n\n\n<p><strong>LA PERSONA:<\/strong><\/p>\n\n\n\n<p><strong>Requisitos<\/strong><strong> <\/strong><strong>Fundamentales<\/strong><strong><\/strong><\/p>\n\n\n\n<ul class=\"wp-block-list\">\n<li>Grado T\u00e9cnico, Egresado y\/o Bachiller en carreras de ciencias sociales, econ\u00f3micas, y afines.<\/li>\n\n\n\n<li>Manejo de herramientas de visita domiciliarias (entrevistas) para un diagn\u00f3stico, reporte y planteamiento de alternativas de soluci\u00f3n.<\/li>\n\n\n\n<li>Manejo de metodolog\u00edas b\u00e1sicas de capacitaci\u00f3n.<\/li>\n\n\n\n<li>Conocimiento en derechos de la ni\u00f1ez, Igualdad de G\u00e9nero e inclusi\u00f3n.<\/li>\n\n\n\n<li>Manejo de herramientas de organizaci\u00f3n comunitaria: mapeo de actores, directorio, reporte de beneficiarios, sectorizaci\u00f3n, otros.<\/li>\n\n\n\n<li>Conocimiento en herramientas virtuales:Teams, Zoom, Skype Empresarial, etc.<\/li>\n\n\n\n<li>Manejo de Motocicleta. (indispensable -licencia de conducir vigente).<\/li>\n\n\n\n<li>Deseable, ingl\u00e9s nivel b\u00e1sico.<\/li>\n<\/ul>\n\n\n\n<p class=\"has-text-align-center\"><a href=\"https:\/\/redinfor.com.pe\/portal\/2019\/04\/24\/transversalizacion-del-enfoque-de-genero-en-programas-y-proyectos-sociales\/\" target=\"_blank\" rel=\"noreferrer noopener\"><img decoding=\"async\" src=\" https:\/\/www.redinfor.com.pe\/Avisos\/TEGPPS\/TEGPPS_advisor.jpg \"><\/a><\/p>\n\n\n\n<p><strong>Experiencia requerida:<\/strong><\/p>\n\n\n\n<ul class=\"wp-block-list\">\n<li>01 a\u00f1o de experiencia en facilitaci\u00f3n de espacios de capacitaci\u00f3n con adultos, y ni\u00f1os, en especial ni\u00f1as, adolescentes y mujeres j\u00f3venes.<\/li>\n\n\n\n<li>01 a\u00f1o de experiencia laboral en zonas rurales, periurbanas y servicios sectoriales en recolecci\u00f3n de informaci\u00f3n directa de la poblaci\u00f3n.<\/li>\n<\/ul>\n\n\n\n<p><strong>Competencias del cargo:<\/strong><\/p>\n\n\n\n<ul class=\"wp-block-list\">\n<li>Comunicaci\u00f3n asertiva, verbal y escrita<\/li>\n\n\n\n<li>Organizaci\u00f3n y Planificaci\u00f3n<\/li>\n\n\n\n<li>Capacidad de manejar varias tareas a la vez.<\/li>\n\n\n\n<li>Soluci\u00f3n de Problemas y negociaci\u00f3n: con enfoque ganar \u2013 ganar.<\/li>\n\n\n\n<li>Capacidad de an\u00e1lisis y s\u00edntesis.<\/li>\n\n\n\n<li>Capacidad para trabajar en situaciones de emergencia y desastres.<\/li>\n\n\n\n<li>Manejo de entorno Office nivel intermedio.<\/li>\n<\/ul>\n\n\n\n<p>Ubicaci\u00f3n:\u00a0\u00a0<strong>Cusco &#8211;<\/strong>\u00a0<strong>Per\u00fa<\/strong><br>Fecha l\u00edmite para postulaciones:\u00a0<strong>22 de abril 2026<\/strong>\u00a0<\/p>\n\n\n\n<p class=\"has-text-align-center\" style=\"font-size:30px\"><a href=\"https:\/\/career5.successfactors.eu\/sfcareer\/jobreqcareerpvt?jobId=53922&amp;company=PlanInt&amp;st=81E2A90E212E355F0207FAE1BAA1511FE762E21E\" target=\"_blank\" rel=\"noreferrer noopener\"><strong>VER T\u00c9RMINOS DE REFERENCIA<\/strong> <strong>Y POSTULACIONES<\/strong><\/a><\/p>\n\n\n\n<p>La igualdad, la diversidad y la inclusi\u00f3n est\u00e1n en el centro de todo lo que\u00a0<strong>Plan International<\/strong> representa. Queremos que Plan International refleje la diversidad de las comunidades con las que trabajamos, ofreciendo igualdad de oportunidades a todos sin importar edad, sexo, etnia, religi\u00f3n o creencia, orientaci\u00f3n sexual, identidad de g\u00e9nero, estado civil, condici\u00f3n de embarazo, discapacidad.<\/p>\n\n\n\n<p><strong>Plan International<\/strong>&nbsp;se basa en una cultura de inclusi\u00f3n y nos esforzamos por crear un ambiente de trabajo que garantice en cada equipo, en cada oficina, en cada pa\u00eds, sea rico en personas, pensamientos e ideas diversas.\u202f<\/p>\n\n\n\n<p class=\"has-text-align-center\"><a href=\"https:\/\/redinfor.com.pe\/portal\/2019\/02\/20\/diseno-y-formulacion-de-proyectos-sociales\/\" target=\"_blank\" rel=\"noreferrer noopener\"><img decoding=\"async\" src=\"https:\/\/redinfor.com.pe\/Avisos\/DFPS\/DFPS_advisor_large.jpg\"><\/a><\/p>\n","protected":false},"excerpt":{"rendered":"<p>CONVOCATORIA DE PROMOTOR DE BIENESTAR DE LA NI\u00d1EZ&nbsp;&#8211; CUSCO LA OPORTUNIDADPromueve y genera la participaci\u00f3n e involucramiento de familias, ni\u00f1os\/ni\u00f1as afiliadas en los proyectos y programas desarrollados por Plan International.&hellip; <\/p>\n","protected":false},"author":1,"featured_media":2510,"comment_status":"closed","ping_status":"closed","sticky":false,"template":"","format":"standard","meta":{"footnotes":""},"categories":[406],"tags":[24,730,19,116,610,218,683,264,1041,53,405,731,5007,862,1912,2090,682],"class_list":["post-52932","post","type-post","status-publish","format-standard","has-post-thumbnail","hentry","category-convoca_pub","tag-adultos","tag-bienestar","tag-capacitacion","tag-ciencias-sociales","tag-cusco","tag-diagnostico","tag-domiciliarias","tag-economia","tag-facilitacion","tag-genero","tag-inclusion","tag-ninez","tag-plan-international","tag-promotor","tag-promotora","tag-reporte","tag-visitas"],"_links":{"self":[{"href":"https:\/\/redinfor.com.pe\/portal\/wp-json\/wp\/v2\/posts\/52932","targetHints":{"allow":["GET"]}}],"collection":[{"href":"https:\/\/redinfor.com.pe\/portal\/wp-json\/wp\/v2\/posts"}],"about":[{"href":"https:\/\/redinfor.com.pe\/portal\/wp-json\/wp\/v2\/types\/post"}],"author":[{"embeddable":true,"href":"https:\/\/redinfor.com.pe\/portal\/wp-json\/wp\/v2\/users\/1"}],"replies":[{"embeddable":true,"href":"https:\/\/redinfor.com.pe\/portal\/wp-json\/wp\/v2\/comments?post=52932"}],"version-history":[{"count":1,"href":"https:\/\/redinfor.com.pe\/portal\/wp-json\/wp\/v2\/posts\/52932\/revisions"}],"predecessor-version":[{"id":52933,"href":"https:\/\/redinfor.com.pe\/portal\/wp-json\/wp\/v2\/posts\/52932\/revisions\/52933"}],"wp:featuredmedia":[{"embeddable":true,"href":"https:\/\/redinfor.com.pe\/portal\/wp-json\/wp\/v2\/media\/2510"}],"wp:attachment":[{"href":"https:\/\/redinfor.com.pe\/portal\/wp-json\/wp\/v2\/media?parent=52932"}],"wp:term":[{"taxonomy":"category","embeddable":true,"href":"https:\/\/redinfor.com.pe\/portal\/wp-json\/wp\/v2\/categories?post=52932"},{"taxonomy":"post_tag","embeddable":true,"href":"https:\/\/redinfor.com.pe\/portal\/wp-json\/wp\/v2\/tags?post=52932"}],"curies":[{"name":"wp","href":"https:\/\/api.w.org\/{rel}","templated":true}]}}