{"id":52935,"date":"2026-05-01T14:09:55","date_gmt":"2026-05-01T19:09:55","guid":{"rendered":"https:\/\/redinfor.com.pe\/portal\/?p=52935"},"modified":"2026-05-01T14:09:57","modified_gmt":"2026-05-01T19:09:57","slug":"peru-consultoria-para-la-produccion-audiovisual-de-contenido-de-publicacion-sobre-la-trata-y-explotacion-sexual-en-el-peru-y-el-desarrollo-de-contenido-para-la-difusion-de-dichos-materiales-en-rede","status":"publish","type":"post","link":"https:\/\/redinfor.com.pe\/portal\/2026\/05\/01\/peru-consultoria-para-la-produccion-audiovisual-de-contenido-de-publicacion-sobre-la-trata-y-explotacion-sexual-en-el-peru-y-el-desarrollo-de-contenido-para-la-difusion-de-dichos-materiales-en-rede\/","title":{"rendered":"[PER\u00da] CONSULTOR\u00cdA PARA LA PRODUCCI\u00d3N AUDIOVISUAL DE CONTENIDO DE PUBLICACI\u00d3N SOBRE LA TRATA Y EXPLOTACI\u00d3N SEXUAL EN EL PER\u00da, Y EL DESARROLLO DE CONTENIDO PARA LA DIFUSI\u00d3N DE DICHOS MATERIALES EN REDES SOCIALES"},"content":{"rendered":"\n<p><strong>Objetivo general:\u00a0<\/strong><br>Producir un producto audiovisual animado, basado en el contenido de la publicaci\u00f3n\u00a0 &#8216;Diagn\u00f3stico interseccional sobre el contexto y la situaci\u00f3n del delito de trata de personas y\u00a0 explotaci\u00f3n sexual en Lima, Madre de Dios y Piura&#8217;. Actualizaci\u00f3n Post-Covid&#8217;. Asimismo,\u00a0 desarrollar una pieza audiovisual complementaria adaptada para su difusi\u00f3n en redes\u00a0 sociales, con el fin de ampliar el alcance y la visibilizaci\u00f3n de los hallazgos y mensajes clave\u00a0 de la investigaci\u00f3n.\u00a0<\/p>\n\n\n\n<p class=\"has-text-align-center\"><a href=\"https:\/\/redinfor.com.pe\/portal\/2019\/04\/24\/transversalizacion-del-enfoque-de-genero-en-programas-y-proyectos-sociales\/\" target=\"_blank\" rel=\"noreferrer noopener\"><img decoding=\"async\" src=\" https:\/\/www.redinfor.com.pe\/Avisos\/TEGPPS\/TEGPPS_advisor.jpg \"><\/a><\/p>\n\n\n\n<p><strong>Perfil del consultor\/a:&nbsp;<\/strong><\/p>\n\n\n\n<ul class=\"wp-block-list\">\n<li>Equipo profesional de comunicaciones y creatividad, con especialistas en marketing social,\u00a0 marketing estrat\u00e9gico, comunicaci\u00f3n para el desarrollo, publicidad con enfoque de\u00a0 desarrollo, o afines.\u00a0<\/li>\n\n\n\n<li>Con experiencia de al menos tres a\u00f1os en el campo de las comunicaciones estrat\u00e9gicas y\u00a0 haber producido campa\u00f1as de corte social, preferentemente con enfoque de g\u00e9nero, DD.\u00a0 HH. y juventudes y\/o temas vinculados a la realidad de dicha poblaci\u00f3n.\u00a0<\/li>\n<\/ul>\n\n\n\n<p class=\"has-text-align-center\" style=\"font-size:30px\"><strong><a href=\"https:\/\/drive.google.com\/file\/d\/1IOTcClQ37qvSx5Z6dkyRXyqGt7-bBFzl\/view?usp=sharing\" target=\"_blank\" rel=\"noreferrer noopener\">VER T\u00c9RMINOS DE REFERENCIA<\/a><\/strong><\/p>\n\n\n\n<p><strong>Presentaci\u00f3n de la propuesta:\u00a0<\/strong><br><strong>Deber\u00e1n enviar al siguiente correo electr\u00f3nico <a href=\"mailto:postmast@promdsr.org\">postmast@promdsr.org<\/a><\/strong> \u00a0el CV de su equipo, portafolio de trabajos anteriores y\/o relacionados con el tema propuesto, una propuesta t\u00e9cnica explicando c\u00f3mo aborLas empresas y\/o equipos de consultores interesados en participar en la convocatoria\u00a0 dar\u00e1n el trabajo, junto con su propuesta econ\u00f3mica a todo\u00a0\u00a0costo, teniendo en cuenta lo siguiente:\u00a0\u00a0<\/p>\n\n\n\n<p><strong>Poner en asunto:<\/strong> Postulaci\u00f3n FF ONU Act. 1.3.4 y 2.2.4: Audiovisual de publicaci\u00f3n (los&nbsp; correos que no se\u00f1alen el asunto no ser\u00e1n recibidos)&nbsp;<strong>Plazo de postulaci\u00f3n: mi\u00e9rcoles 6 de mayo de 2026 hasta las 11:59 p.m.<\/strong> Solamente&nbsp; ser\u00e1 contactada la empresa y\/o equipo de consultor seleccionado.<\/p>\n\n\n\n<p class=\"has-text-align-center\"><a href=\"https:\/\/redinfor.com.pe\/portal\/2019\/11\/06\/diseno-y-metodos-de-evaluacion-de-impacto\/\" target=\"_blank\" rel=\"noreferrer noopener\"><img decoding=\"async\" src=\" https:\/\/redinfor.com.pe\/Avisos\/DMEI\/DMEI_advisor_large.jpg \"><\/a><\/p>\n","protected":false},"excerpt":{"rendered":"<p>Objetivo general:\u00a0Producir un producto audiovisual animado, basado en el contenido de la publicaci\u00f3n\u00a0 &#8216;Diagn\u00f3stico interseccional sobre el contexto y la situaci\u00f3n del delito de trata de personas y\u00a0 explotaci\u00f3n sexual&hellip; <\/p>\n","protected":false},"author":3,"featured_media":46719,"comment_status":"closed","ping_status":"closed","sticky":false,"template":"","format":"standard","meta":{"footnotes":""},"categories":[406],"tags":[139,1800,437,90,3192,66,1221,4684,53,323,456,425,709,67],"class_list":["post-52935","post","type-post","status-publish","format-standard","has-post-thumbnail","hentry","category-convoca_pub","tag-administracion","tag-audiovisual","tag-comunicacion","tag-desarrollo","tag-diagnosis","tag-evaluacion","tag-explotacion","tag-explotacion-sexual","tag-genero","tag-gestion","tag-ingenieria","tag-ingeniero","tag-produccion","tag-proyectos"],"_links":{"self":[{"href":"https:\/\/redinfor.com.pe\/portal\/wp-json\/wp\/v2\/posts\/52935","targetHints":{"allow":["GET"]}}],"collection":[{"href":"https:\/\/redinfor.com.pe\/portal\/wp-json\/wp\/v2\/posts"}],"about":[{"href":"https:\/\/redinfor.com.pe\/portal\/wp-json\/wp\/v2\/types\/post"}],"author":[{"embeddable":true,"href":"https:\/\/redinfor.com.pe\/portal\/wp-json\/wp\/v2\/users\/3"}],"replies":[{"embeddable":true,"href":"https:\/\/redinfor.com.pe\/portal\/wp-json\/wp\/v2\/comments?post=52935"}],"version-history":[{"count":1,"href":"https:\/\/redinfor.com.pe\/portal\/wp-json\/wp\/v2\/posts\/52935\/revisions"}],"predecessor-version":[{"id":52936,"href":"https:\/\/redinfor.com.pe\/portal\/wp-json\/wp\/v2\/posts\/52935\/revisions\/52936"}],"wp:featuredmedia":[{"embeddable":true,"href":"https:\/\/redinfor.com.pe\/portal\/wp-json\/wp\/v2\/media\/46719"}],"wp:attachment":[{"href":"https:\/\/redinfor.com.pe\/portal\/wp-json\/wp\/v2\/media?parent=52935"}],"wp:term":[{"taxonomy":"category","embeddable":true,"href":"https:\/\/redinfor.com.pe\/portal\/wp-json\/wp\/v2\/categories?post=52935"},{"taxonomy":"post_tag","embeddable":true,"href":"https:\/\/redinfor.com.pe\/portal\/wp-json\/wp\/v2\/tags?post=52935"}],"curies":[{"name":"wp","href":"https:\/\/api.w.org\/{rel}","templated":true}]}}