{"id":52956,"date":"2026-05-01T18:41:16","date_gmt":"2026-05-01T23:41:16","guid":{"rendered":"https:\/\/redinfor.com.pe\/portal\/?p=52956"},"modified":"2026-05-01T18:51:14","modified_gmt":"2026-05-01T23:51:14","slug":"consultoria-capacitacion-dirigido-a-agentes-comunitarios-de-salud-acs-del-distrito-de-santa-rosa-de-ocopa-concepcion-junin","status":"publish","type":"post","link":"https:\/\/redinfor.com.pe\/portal\/2026\/05\/01\/consultoria-capacitacion-dirigido-a-agentes-comunitarios-de-salud-acs-del-distrito-de-santa-rosa-de-ocopa-concepcion-junin\/","title":{"rendered":"[PER\u00da] CONSULTORIA CAPACITACI\u00d3N DIRIGIDO A AGENTES COMUNITARIOS DE SALUD (ACS) DEL DISTRITO DE SANTA ROSA DE OCOPA, CONCEPCI\u00d3N, JUN\u00cdN"},"content":{"rendered":"\n<p class=\"has-text-align-center has-medium-font-size\"><strong>[PER\u00da] CONSULTORIA CAPACITACI\u00d3N DIRIGIDO A AGENTES COMUNITARIOS DE SALUD (ACS) DEL DISTRITO DE SANTA ROSA DE OCOPA, CONCEPCI\u00d3N, JUN\u00cdN<\/strong><\/p>\n\n\n\n<p><strong>REQUERIMIENTO<\/strong><br>Se requiere la contrataci\u00f3n de un\/a profesional para brindar servicios de capacitaci\u00f3n dirigidos a Agentes Comunitarios de Salud (ACS), orientados a fortalecer sus capacidades en la promoci\u00f3n de la salud infantil, prevenci\u00f3n, detecci\u00f3n y manejo b\u00e1sico de enfermedades comunes como parasitosis intestinal, anemia, desnutrici\u00f3n y enfermedades diarreicas agudas (EDAs), en concordancia con los lineamientos del Ministerio de Salud (MINSA). Asimismo, se desarrollar\u00e1n habilidades blandas, as\u00ed como competencias para la adecuada ejecuci\u00f3n de visitas domiciliarias en campo.<\/p>\n\n\n\n<p><strong>OBJETIVOS DEL SERVICIO:<\/strong><\/p>\n\n\n\n<p><strong>Objetivo general del servicio:<\/strong><br>Fortalecer las capacidades de los Agentes Comunitarios de Salud (ACS) mediante procesos de capacitaci\u00f3n te\u00f3rico-pr\u00e1cticos en la prevenci\u00f3n y manejo b\u00e1sico de las enfermedades m\u00e1s comunes en la infancia, as\u00ed como en habilidades blandas y estrategias de intervenci\u00f3n comunitaria, contribuyendo a mejorar la atenci\u00f3n integral de la salud en el distrito de Santa Rosa de Ocopa.<\/p>\n\n\n\n<p><strong>Objetivos Espec\u00edficos:<\/strong><\/p>\n\n\n\n<ul class=\"wp-block-list\">\n<li>Fortalecer las capacidades de los Agentes Comunitarios de Salud (ACS) en la promoci\u00f3n de la salud, consolidando su rol como actores clave en el \u00e1mbito comunitario.<\/li>\n\n\n\n<li>Desarrollar conocimientos y habilidades en los ACS para la prevenci\u00f3n y manejo b\u00e1sico de los principales problemas de salud infantil, promoviendo pr\u00e1cticas de alimentaci\u00f3n saludable y cuidado integral del ni\u00f1o.<\/li>\n\n\n\n<li>Fortalecer las capacidades de los ACS para la planificaci\u00f3n, ejecuci\u00f3n y seguimiento de visitas domiciliarias, favoreciendo un adecuado desempe\u00f1o en el trabajo de campo.<\/li>\n<\/ul>\n\n\n\n<p class=\"has-text-align-center\"><a href=\"https:\/\/redinfor.com.pe\/portal\/2019\/04\/24\/metodologias-de-capacitacion-para-poblaciones-rurales\/\" target=\"_blank\" rel=\"noreferrer noopener\"><img decoding=\"async\" src=\" https:\/\/www.redinfor.com.pe\/Avisos\/MCPR\/MCPR_advisor.jpg \"><\/a><\/p>\n\n\n\n<p><strong>PERFIL DEL PUESTO:<\/strong><\/p>\n\n\n\n<p><strong>Requisitos Acad\u00e9micos:<\/strong><\/p>\n\n\n\n<ul class=\"wp-block-list\">\n<li>T\u00edtulo universitario Ciencias de la salud, Salud P\u00fablica, Ciencias Sociales o afines.<\/li>\n\n\n\n<li>Formaci\u00f3n adicional en Salud P\u00fablica ser\u00e1 valorada<\/li>\n<\/ul>\n\n\n\n<p><strong>Experiencia Requerida:<\/strong><\/p>\n\n\n\n<ul class=\"wp-block-list\">\n<li>M\u00ednimo 2 a\u00f1os de experiencia en el trabajo de Promoci\u00f3n de la Salud<\/li>\n\n\n\n<li>Conocimiento en Inmunizaciones, Nutrici\u00f3n y EDAs<\/li>\n<\/ul>\n\n\n\n<p><strong>Habilidades y Competencias:<\/strong><\/p>\n\n\n\n<ul class=\"wp-block-list\">\n<li>Capacidad de liderazgo y facilitaci\u00f3n de procesos formativos dirigidos a Agentes Comunitarios de Salud (ACS).<\/li>\n\n\n\n<li>Habilidad para el trabajo con poblaci\u00f3n comunitaria, demostrando empat\u00eda, respeto intercultural y manejo adecuado de grupos.<\/li>\n\n\n\n<li>Experiencia en el uso de metodolog\u00edas participativas y t\u00e9cnicas de educaci\u00f3n para adultos.<\/li>\n\n\n\n<li>Comunicaci\u00f3n efectiva, tanto oral como escrita, para la preparaci\u00f3n y presentaci\u00f3n de informes, materiales educativos y capacitaciones.<\/li>\n\n\n\n<li>Habilidad para trabajar de manera multisectorial, colaborando con actores clave del sector salud, la comunidad y el gobierno local.<\/li>\n\n\n\n<li>Enfoque en resultados y compromiso con la mejora continua y la sostenibilidad de las intervenciones.<\/li>\n\n\n\n<li>Capacidad para la resoluci\u00f3n de problemas y adaptaci\u00f3n a contextos comunitarios diversos.<\/li>\n<\/ul>\n\n\n\n<p><strong>LUGAR Y PLAZO:<\/strong><\/p>\n\n\n\n<ul class=\"wp-block-list\">\n<li>Lugar: Desplazamiento al distrito de San Rosa de Ocopa, en la Provincia de Jun\u00edn.<\/li>\n\n\n\n<li>Plazo: 150 d\u00edas a partir de la firma de contrato.<\/li>\n<\/ul>\n\n\n\n<p class=\"has-text-align-center\" style=\"font-size:30px\"><strong><a href=\"https:\/\/drive.google.com\/file\/d\/1fU2NtP3CTZ5ibcLEah0OUtMvAL9uzyC4\/view?usp=sharing\" target=\"_blank\" rel=\"noreferrer noopener\">VER T\u00c9RMINOS DE REFERENCIA<\/a><\/strong><\/p>\n\n\n\n<p><strong>CONVOCATORIA Y SELECCI\u00d3N:<\/strong><\/p>\n\n\n\n<ul class=\"wp-block-list\">\n<li>Recepci\u00f3n de CV digital:&nbsp;&nbsp; Hasta el 04 de mayo<\/li>\n\n\n\n<li>Evaluaci\u00f3n de CV: Hasta el 06 de mayo<\/li>\n\n\n\n<li>Entrevista: 05 de mayo<\/li>\n\n\n\n<li>Resultado: 06 de mayo<\/li>\n\n\n\n<li>Inicio: 08 de mayo<\/li>\n<\/ul>\n\n\n\n<p>Los interesados enviar los documentos a la siguiente direcci\u00f3n electr\u00f3nica: <a href=\"mailto:mesadepartes@descocentro.org.pe\">mesadepartes@descocentro.org.pe<\/a> Asunto: Capacitaci\u00f3n dirigido a Agentes Comunitarios de Salud (ACS) &#8211; Proyecto KZE Adveniat.<\/p>\n\n\n\n<p class=\"has-text-align-center\"><a href=\"https:\/\/redinfor.com.pe\/portal\/2019\/02\/20\/diseno-y-formulacion-de-proyectos-sociales\/\" target=\"_blank\" rel=\"noreferrer noopener\"><img decoding=\"async\" src=\"https:\/\/redinfor.com.pe\/Avisos\/DFPS\/DFPS_advisor_large.jpg\"><\/a><\/p>\n","protected":false},"excerpt":{"rendered":"<p>[PER\u00da] CONSULTORIA CAPACITACI\u00d3N DIRIGIDO A AGENTES COMUNITARIOS DE SALUD (ACS) DEL DISTRITO DE SANTA ROSA DE OCOPA, CONCEPCI\u00d3N, JUN\u00cdN REQUERIMIENTOSe requiere la contrataci\u00f3n de un\/a profesional para brindar servicios de&hellip; <\/p>\n","protected":false},"author":1,"featured_media":6059,"comment_status":"closed","ping_status":"closed","sticky":false,"template":"","format":"standard","meta":{"footnotes":""},"categories":[406],"tags":[414,19,146,1803,4351,407,2536,5742,170,171,606,2125,82],"class_list":["post-52956","post","type-post","status-publish","format-standard","has-post-thumbnail","hentry","category-convoca_pub","tag-agentes","tag-capacitacion","tag-ciencias","tag-comunitarios","tag-concepcion","tag-consultoria","tag-descocentro","tag-ocopa","tag-promocion","tag-salud","tag-salud-publica","tag-santa-rosa","tag-sociales"],"_links":{"self":[{"href":"https:\/\/redinfor.com.pe\/portal\/wp-json\/wp\/v2\/posts\/52956","targetHints":{"allow":["GET"]}}],"collection":[{"href":"https:\/\/redinfor.com.pe\/portal\/wp-json\/wp\/v2\/posts"}],"about":[{"href":"https:\/\/redinfor.com.pe\/portal\/wp-json\/wp\/v2\/types\/post"}],"author":[{"embeddable":true,"href":"https:\/\/redinfor.com.pe\/portal\/wp-json\/wp\/v2\/users\/1"}],"replies":[{"embeddable":true,"href":"https:\/\/redinfor.com.pe\/portal\/wp-json\/wp\/v2\/comments?post=52956"}],"version-history":[{"count":2,"href":"https:\/\/redinfor.com.pe\/portal\/wp-json\/wp\/v2\/posts\/52956\/revisions"}],"predecessor-version":[{"id":52958,"href":"https:\/\/redinfor.com.pe\/portal\/wp-json\/wp\/v2\/posts\/52956\/revisions\/52958"}],"wp:featuredmedia":[{"embeddable":true,"href":"https:\/\/redinfor.com.pe\/portal\/wp-json\/wp\/v2\/media\/6059"}],"wp:attachment":[{"href":"https:\/\/redinfor.com.pe\/portal\/wp-json\/wp\/v2\/media?parent=52956"}],"wp:term":[{"taxonomy":"category","embeddable":true,"href":"https:\/\/redinfor.com.pe\/portal\/wp-json\/wp\/v2\/categories?post=52956"},{"taxonomy":"post_tag","embeddable":true,"href":"https:\/\/redinfor.com.pe\/portal\/wp-json\/wp\/v2\/tags?post=52956"}],"curies":[{"name":"wp","href":"https:\/\/api.w.org\/{rel}","templated":true}]}}