{"id":55988,"date":"2026-08-31T11:34:21","date_gmt":"2026-08-31T16:34:21","guid":{"rendered":"https:\/\/redinfor.com.pe\/portal\/?p=55988"},"modified":"2026-08-31T11:34:24","modified_gmt":"2026-08-31T16:34:24","slug":"peru-convocatoria-de-asistente-de-proyecto-compartiendo-la-mesa-2da-etapa","status":"publish","type":"post","link":"https:\/\/redinfor.com.pe\/portal\/2026\/08\/31\/peru-convocatoria-de-asistente-de-proyecto-compartiendo-la-mesa-2da-etapa\/","title":{"rendered":"[PER\u00da] CONVOCATORIA DE ASISTENTE DE PROYECTO \u201cCOMPARTIENDO LA MESA \u2013 2DA ETAPA\u201d"},"content":{"rendered":"\n<p class=\"has-text-align-center has-medium-font-size wp-block-paragraph\"><strong>[PER\u00da] CONVOCATORIA DE ASISTENTE DE PROYECTO \u201cCOMPARTIENDO LA MESA \u2013 2DA ETAPA\u201d<\/strong><\/p>\n\n\n\n<p class=\"wp-block-paragraph\"><strong>OBJETIVO DE LA POSICI\u00d3N:\u00a0<\/strong> \u00a0\u00a0\u00a0<br>Brindar apoyo y asistencia directa al Jefe (a) de Proyecto en la planificaci\u00f3n, ejecuci\u00f3n y seguimiento de las actividades del proyecto \u00abCompartiendo la Mesa \u2013 2da etapa Ayacucho y Cusco\u00bb, cuyo prop\u00f3sito es fortalecer las capacidades productivas, de inocuidad, comerciales y organizativas de 1,900 personas agricultoras familiares de los 12 distritos priorizados de Cusco y Ayacucho, y asegurar la eficiencia operativa de 7 centros de acopio y procesamiento, para mejorar su participaci\u00f3n sostenible y equitativa en compras p\u00fablicas y mercados privados, en el marco de la Ley N 31071.<\/p>\n\n\n\n<p class=\"wp-block-paragraph\"><strong>FUNCIONES:&nbsp;<\/strong> &nbsp;&nbsp;&nbsp;<\/p>\n\n\n\n<ul class=\"wp-block-list\">\n<li>Contribuir a la implementaci\u00f3n, el logro de los objetivos y metas de la estrategia program\u00e1tica del proyecto \u201cCompartiendo la Mesa\u201d y otros proyectos del \u00e1rea de Empoderamiento Econ\u00f3mico.<\/li>\n\n\n\n<li>Integrar herramientas tecnol\u00f3gicas y plataformas digitales para optimizar la ejecuci\u00f3n y seguimiento de los proyectos.<\/li>\n\n\n\n<li>Coordinar con equipos multidisciplinarios para garantizar la ejecuci\u00f3n de las actividades del proyecto en Anta, Zurite, Lamay\/Calca, Yucay\/Urubamba y Paucartambo, con trabajo frecuente de campo.<\/li>\n\n\n\n<li>Asegurar que las actividades del proyecto se implementen seg\u00fan los cronogramas establecidos.<\/li>\n\n\n\n<li>Realizar seguimiento y monitoreo de las actividades en campo y reportar resultados al jefe(a) de Proyecto.<\/li>\n\n\n\n<li>Asistir en la coordinaci\u00f3n con socios y actores clave (comunidades, autoridades locales, mercado privado, etc.).<\/li>\n\n\n\n<li>Facilitar la comunicaci\u00f3n interna y externa del proyecto, asegurando la fluidez en la transmisi\u00f3n de informaci\u00f3n.<\/li>\n\n\n\n<li>Participar en las reuniones de equipo y contribuir a la mejora continua del proyecto con propuestas y an\u00e1lisis.<\/li>\n\n\n\n<li>Planificar y dar soporte a los servicios de capacitaci\u00f3n y asistencia t\u00e9cnica del proyecto ejecutado por los consultores en las regiones.<\/li>\n\n\n\n<li>Generar mecanismo para las relaciones institucionales y el trabajo en asocio y en alianzas estrat\u00e9gicas.<\/li>\n\n\n\n<li>Realizar seguimiento permanente a compromisos y acuerdos con productores, centros de acopio, compradores, municipalidades y otras instituciones, identificando retrasos y apoyando su resoluci\u00f3n oportuna.<\/li>\n\n\n\n<li>Apoyar la identificaci\u00f3n y seguimiento de oportunidades comerciales, incluyendo contacto con compradores, preparaci\u00f3n de informaci\u00f3n de oferta, coordinaci\u00f3n de reuniones, visitas, cotizaciones y otras acciones necesarias para avanzar una posible venta.<\/li>\n\n\n\n<li>Dar seguimiento a la operaci\u00f3n de los centros de Lamay, Yucay y Paucartambo, registrando productos comercializados, vol\u00famenes, compradores, frecuencia de operaci\u00f3n, incidencias y avances en su fortalecimiento.<\/li>\n\n\n\n<li>Mantener organizada y actualizada la informaci\u00f3n operativa y los medios de verificaci\u00f3n del proyecto, incluyendo matrices de seguimiento, padrones, acuerdos, evidencias de campo y reportes de avance, alertando oportunamente informaci\u00f3n pendiente o que requiera validaci\u00f3n.<\/li>\n\n\n\n<li>Flexibilidad para realizar trabajo de campo cuando sea necesario.<\/li>\n\n\n\n<li>Participar de eventos nacionales afines al programa.<\/li>\n<\/ul>\n\n\n\n<p class=\"has-text-align-center wp-block-paragraph\"><a href=\"https:\/\/redinfor.com.pe\/portal\/2019\/04\/24\/monitoreo-y-evaluacion-de-programas-y-proyectos-sociales\/\" target=\"_blank\" rel=\"noopener\"><img decoding=\"async\" src=\" https:\/\/www.redinfor.com.pe\/Avisos\/MEPPS\/MEPPS_advisor.jpg \"><\/a><\/p>\n\n\n\n<p class=\"wp-block-paragraph\"><strong>REQUISITOS Y CONSIDERACIONES:<\/strong> <strong>&nbsp;<\/strong>&nbsp;&nbsp;&nbsp;<\/p>\n\n\n\n<ul class=\"wp-block-list\">\n<li>Profesional, bachiller, t\u00e9cnico de Administraci\u00f3n, Administraci\u00f3n de Negocios Internacionales, Econom\u00eda, Ingenier\u00eda Industrial o afines.<\/li>\n\n\n\n<li>Experiencia m\u00ednima de 4 a\u00f1os en gesti\u00f3n de proyectos o puestos similares.<\/li>\n\n\n\n<li><strong>(Requisito clave) Experiencia m\u00ednima de 5 a\u00f1os liderando la gesti\u00f3n operativa simult\u00e1nea de 5 o m\u00e1s sedes, bases o centros de operaci\u00f3n, garantizando el cumplimiento de indicadores, la continuidad de las actividades y la gesti\u00f3n oportuna de riesgos \u2014 competencia directamente aplicable a la coordinaci\u00f3n de los 7 centros de acopio y procesamiento del proyecto.<\/strong><\/li>\n\n\n\n<li>Deseable conocimiento pr\u00e1ctico de compras p\u00fablicas, Ley N.\u00b0 31071, COMPRAGRO, programas sociales o procedimientos de municipalidades y entidades agrarias. No se requiere perfil legal, pero s\u00ed capacidad para leer requisitos, ubicar normas y hacer seguimiento.<\/li>\n\n\n\n<li>Deseable experiencia o conocimiento de SENASA, DIGESA, buenas pr\u00e1cticas, inocuidad, trazabilidad, formalizaci\u00f3n y documentaci\u00f3n comercial de productos agroalimentarios. Se valora experiencia en gesti\u00f3n de compras, supply chain, comercio exterior o coordinaci\u00f3n de proveedores, aplicable al fortalecimiento de la trazabilidad y formalizaci\u00f3n comercial de los centros de acopio.<\/li>\n\n\n\n<li>Manejo de herramientas de Microsoft a nivel intermedio y facilidad para trabajar con bases de datos, matrices de seguimiento y registros de campo.<\/li>\n\n\n\n<li>Capacidad para elaborar actas, registros, correos y reportes operativos claros y ordenados.<\/li>\n\n\n\n<li>Disponibilidad para desplazamientos frecuentes a los territorios priorizados y para actividades de campo.<\/li>\n\n\n\n<li>Alta iniciativa, rapidez de respuesta, orden, curiosidad, autonom\u00eda, persistencia en el seguimiento y capacidad para resolver problemas pr\u00e1cticos.<\/li>\n\n\n\n<li>Facilidad para comunicarse con agricultores\/as, dirigentes, funcionarios p\u00fablicos, compradores y equipos t\u00e9cnicos utilizando un lenguaje claro y adecuado a cada interlocutor.<\/li>\n\n\n\n<li>Comprensi\u00f3n profunda de las problem\u00e1ticas sociales relacionadas con las mujeres y comunidades vulnerables.<\/li>\n\n\n\n<li>Deber\u00e1 tener las siguientes competencias:\u00a0\u00a0\u00a0\u00a0\n<ul class=\"wp-block-list\">\n<li>Trabajo en equipo\u00a0\u00a0\u00a0<\/li>\n\n\n\n<li>Comunicaci\u00f3n Efectiva\u00a0\u00a0\u00a0<\/li>\n\n\n\n<li>\u00c9tica\u00a0\u00a0\u00a0<\/li>\n\n\n\n<li>Liderazgo\u00a0\u00a0\u00a0<\/li>\n\n\n\n<li>Direcci\u00f3n de equipos de trabajo\u00a0\u00a0\u00a0<\/li>\n\n\n\n<li>Pensamiento Estrat\u00e9gico\u00a0\u00a0\u00a0<\/li>\n\n\n\n<li>Conocimiento del sector y el mercado\u00a0\u00a0\u00a0<\/li>\n<\/ul>\n<\/li>\n\n\n\n<li>Conocimiento en ofim\u00e1tica a nivel intermedio o avanzado (Word, Excel, Power Point, Outlook,\u00a0\u00a0<\/li>\n<\/ul>\n\n\n\n<p class=\"has-text-align-center wp-block-paragraph\" style=\"font-size:30px\"><strong><a href=\"https:\/\/drive.google.com\/file\/d\/1sURwpFkTMN13cZuWop27O7d5UxgLlTHc\/view?usp=sharing\" target=\"_blank\" rel=\"noopener\">VER T\u00c9RMINOS DE REFERENCIA<\/a><\/strong><\/p>\n\n\n\n<p class=\"wp-block-paragraph\">Las\/os interesadas\/os enviar su <strong>CV no documentado en formato PDF<\/strong> a <a href=\"mailto:rrhh@care.org.pe\">rrhh@care.org.pe<\/a> &nbsp;es importante en el ASUNTO se\u00f1alar el cargo al cu\u00e1l postula, se\u00f1alando en el Asunto: <strong>ESPECIALISTA DE PROYECTO &#8211; CLM<\/strong>, fecha l\u00edmite hasta el <strong>05 de setiembre del 2026<\/strong>.&nbsp;&nbsp;<\/p>\n\n\n\n<p class=\"has-text-align-center wp-block-paragraph\"><a href=\"https:\/\/redinfor.com.pe\/portal\/2019\/02\/20\/diseno-y-formulacion-de-proyectos-sociales\/\" target=\"_blank\" rel=\"noopener\"><img decoding=\"async\" src=\"https:\/\/redinfor.com.pe\/Avisos\/DFPS\/DFPS_advisor_large.jpg\"><\/a><\/p>\n","protected":false},"excerpt":{"rendered":"<p>[PER\u00da] CONVOCATORIA DE ASISTENTE DE PROYECTO \u201cCOMPARTIENDO LA MESA \u2013 2DA ETAPA\u201d OBJETIVO DE LA POSICI\u00d3N:\u00a0 \u00a0\u00a0\u00a0Brindar apoyo y asistencia directa al Jefe (a) de Proyecto en la planificaci\u00f3n, ejecuci\u00f3n&hellip; <\/p>\n","protected":false},"author":1,"featured_media":19996,"comment_status":"closed","ping_status":"closed","sticky":false,"template":"","format":"standard","meta":{"footnotes":""},"categories":[406],"tags":[139,426,518,650,610,264,684,623,456,65,838,68,244,113],"class_list":["post-55988","post","type-post","status-publish","format-standard","has-post-thumbnail","hentry","category-convoca_pub","tag-administracion","tag-asistente","tag-ayacucho","tag-care-peru","tag-cusco","tag-economia","tag-ejecucion","tag-industrial","tag-ingenieria","tag-monitoreo","tag-negocios","tag-planificacion","tag-proyecto","tag-seguimiento"],"_links":{"self":[{"href":"https:\/\/redinfor.com.pe\/portal\/wp-json\/wp\/v2\/posts\/55988","targetHints":{"allow":["GET"]}}],"collection":[{"href":"https:\/\/redinfor.com.pe\/portal\/wp-json\/wp\/v2\/posts"}],"about":[{"href":"https:\/\/redinfor.com.pe\/portal\/wp-json\/wp\/v2\/types\/post"}],"author":[{"embeddable":true,"href":"https:\/\/redinfor.com.pe\/portal\/wp-json\/wp\/v2\/users\/1"}],"replies":[{"embeddable":true,"href":"https:\/\/redinfor.com.pe\/portal\/wp-json\/wp\/v2\/comments?post=55988"}],"version-history":[{"count":1,"href":"https:\/\/redinfor.com.pe\/portal\/wp-json\/wp\/v2\/posts\/55988\/revisions"}],"predecessor-version":[{"id":55989,"href":"https:\/\/redinfor.com.pe\/portal\/wp-json\/wp\/v2\/posts\/55988\/revisions\/55989"}],"wp:featuredmedia":[{"embeddable":true,"href":"https:\/\/redinfor.com.pe\/portal\/wp-json\/wp\/v2\/media\/19996"}],"wp:attachment":[{"href":"https:\/\/redinfor.com.pe\/portal\/wp-json\/wp\/v2\/media?parent=55988"}],"wp:term":[{"taxonomy":"category","embeddable":true,"href":"https:\/\/redinfor.com.pe\/portal\/wp-json\/wp\/v2\/categories?post=55988"},{"taxonomy":"post_tag","embeddable":true,"href":"https:\/\/redinfor.com.pe\/portal\/wp-json\/wp\/v2\/tags?post=55988"}],"curies":[{"name":"wp","href":"https:\/\/api.w.org\/{rel}","templated":true}]}}