{"id":56012,"date":"2026-09-01T11:40:51","date_gmt":"2026-09-01T16:40:51","guid":{"rendered":"https:\/\/redinfor.com.pe\/portal\/?p=56012"},"modified":"2026-09-01T11:40:53","modified_gmt":"2026-09-01T16:40:53","slug":"peru-convocatoria-de-practicantes-profesionales","status":"publish","type":"post","link":"https:\/\/redinfor.com.pe\/portal\/2026\/09\/01\/peru-convocatoria-de-practicantes-profesionales\/","title":{"rendered":"[PER\u00da] CONVOCATORIA DE PRACTICANTES PROFESIONALES"},"content":{"rendered":"\n<p class=\"has-text-align-center has-medium-font-size wp-block-paragraph\"><strong>[PER\u00da] CONVOCATORIA DE PRACTICANTES PROFESIONALES<\/strong><\/p>\n\n\n\n<p class=\"wp-block-paragraph\"><strong>INTRODUCCI\u00d3N<\/strong><br>REDES-Sostenibilidad Pesquera (REDES-SP) es una organizaci\u00f3n peruana sin fines de lucro dedicada a promover la gesti\u00f3n sostenible de las pesquer\u00edas y la conservaci\u00f3n de los h\u00e1bitats marinos costeros. Trabajamos de manera colaborativa con comunidades pesqueras, instituciones p\u00fablicas, instituciones acad\u00e9micas y aliados internacionales, impulsando procesos de cogesti\u00f3n, aplicaci\u00f3n de buenas pr\u00e1cticas y proyectos de conservaci\u00f3n que generan beneficios ambientales y sociales. Nuestro enfoque combina ciencia aplicada, participaci\u00f3n comunitaria y gobernanza multiactor, con el objetivo de construir un futuro en el que los mares se mantengan saludables y las comunidades pesqueras prosperen.<\/p>\n\n\n\n<p class=\"wp-block-paragraph\">Los practicantes profesionales se incorporar\u00e1n al proyecto <strong>\u201cEscalando soluciones basadas en la naturaleza para conservar h\u00e1bitats costeros y fortalecer pesquer\u00edas resilientes al clima en el Per\u00fa, a trav\u00e9s de la coordinaci\u00f3n interinstitucional y la implementaci\u00f3n en territorio\u201d<\/strong>, una iniciativa que busca fortalecer la sostenibilidad de las pesquer\u00edas y la conservaci\u00f3n marina a trav\u00e9s del trabajo directo con comunidades pesqueras en Piura y Arequipa. El proyecto impulsa mejoras en la gesti\u00f3n de h\u00e1bitats costeros, la transparencia y el monitoreo de las actividades pesqueras, as\u00ed como la participaci\u00f3n de los usuarios en procesos de gobernanza y manejo adaptativo, contribuyendo a la conservaci\u00f3n de los recursos marinos y a la resiliencia de las comunidades pesqueras frente a los desaf\u00edos ambientales y clim\u00e1ticos.<\/p>\n\n\n\n<p class=\"wp-block-paragraph\"><strong>OBJETIVO DE LAS PR\u00c1CTICAS<\/strong><br>Brindar apoyo en la implementaci\u00f3n de las actividades de campo del proyecto, contribuyendo al fortalecimiento de las capacidades profesionales de los practicantes, en procesos de levantamiento y gesti\u00f3n de informaci\u00f3n, articulaci\u00f3n con actores locales y seguimiento de iniciativas vinculadas a la conservaci\u00f3n marina y el desarrollo sostenible.<\/p>\n\n\n\n<p class=\"wp-block-paragraph\"><strong>DESCRIPCI\u00d3N DE LAS PR\u00c1CTICAS<\/strong><\/p>\n\n\n\n<p class=\"wp-block-paragraph\"><strong>Proyecto<\/strong>: Escalando soluciones basadas en la naturaleza para conservar h\u00e1bitats costeros y fortalecer pesquer\u00edas resilientes al clima en el Per\u00fa, a trav\u00e9s de la coordinaci\u00f3n interinstitucional y la implementaci\u00f3n en territorio.<\/p>\n\n\n\n<p class=\"wp-block-paragraph\"><strong>Zonas de intervenci\u00f3n del proyecto:<\/strong><\/p>\n\n\n\n<ol start=\"1\" class=\"wp-block-list\">\n<li>Arequipa: litoral de la provincia de Islay.<\/li>\n\n\n\n<li>Piura: provincias de Sechura, Paita y Talara.<\/li>\n\n\n\n<li>Lima.<\/li>\n<\/ol>\n\n\n\n<p class=\"wp-block-paragraph\"><strong>Modalidad de las pr\u00e1cticas profesionales:<\/strong><\/p>\n\n\n\n<ol start=\"1\" class=\"wp-block-list\">\n<li>Arequipa y Piura: modalidad mixta, que combina trabajo remoto desde el \u00e1mbito de intervenci\u00f3n del proyecto y actividades de campo.<\/li>\n\n\n\n<li>Lima: modalidad presencial y actividades de campo, seg\u00fan las necesidades del proyecto.<\/li>\n<\/ol>\n\n\n\n<p class=\"wp-block-paragraph\"><strong>Residencia<\/strong>: La convocatoria esta dirigida exclusivamente a personas que residan actualmente en alguna de las zonas de intervenci\u00f3n del proyecto.<\/p>\n\n\n\n<p class=\"wp-block-paragraph\"><strong>Periodo de pr\u00e1cticas<\/strong>: Seis (6) meses, con posibilidad de renovaci\u00f3n en funci\u00f3n de las necesidades del proyecto y del desempe\u00f1o del practicante.<\/p>\n\n\n\n<ul class=\"wp-block-list\">\n<li>Dedicaci\u00f3n: 36 a 40 horas semanales.<\/li>\n\n\n\n<li>Modalidad formativa y beneficios de acuerdo con la Ley sobre Modalidades Formativas Laborales (Ley 28518).<\/li>\n<\/ul>\n\n\n\n<p class=\"wp-block-paragraph\"><strong>Disponibilidad<\/strong>: Inmediata.<\/p>\n\n\n\n<p class=\"has-text-align-center wp-block-paragraph\"><a href=\"https:\/\/redinfor.com.pe\/portal\/2019\/02\/20\/diseno-y-formulacion-de-proyectos-sociales\/\" target=\"_blank\" rel=\"noopener\"><img decoding=\"async\" src=\"https:\/\/www.redinfor.com.pe\/Avisos\/DFPS\/DFPS_advisor.jpg\"><\/a><\/p>\n\n\n\n<p class=\"wp-block-paragraph\"><strong>PRINCIPALES TAREAS<\/strong><\/p>\n\n\n\n<ul class=\"wp-block-list\">\n<li>Apoyar en la ejecuci\u00f3n de actividades de campo previstas en el proyecto.<\/li>\n\n\n\n<li>Apoyar en la aplicaci\u00f3n de encuestas, entrevistas y otros instrumentos de recolecci\u00f3n de informaci\u00f3n primaria en campo, as\u00ed como en el registro y sistematizaci\u00f3n de la informaci\u00f3n recopilada.<\/li>\n\n\n\n<li>Apoyar en la coordinaci\u00f3n log\u00edstica y comunicaci\u00f3n con organizaciones de pescadores, autoridades locales y otros actores vinculados al proyecto.<\/li>\n\n\n\n<li>Participar en reuniones, talleres y espacios de articulaci\u00f3n con actores del territorio.<\/li>\n\n\n\n<li>Elaborar ayudas memoria, actas y reportes de las actividades desarrolladas.<\/li>\n\n\n\n<li>Apoyar en el seguimiento de actividades del proyecto.<\/li>\n\n\n\n<li>Apoyar al equipo t\u00e9cnico en otras actividades relacionadas con la implementaci\u00f3n del proyecto y que contribuyan a su proceso de aprendizaje profesional.<\/li>\n<\/ul>\n\n\n\n<p class=\"wp-block-paragraph\"><strong>PERFIL REQUERIDO<\/strong><\/p>\n\n\n\n<p class=\"wp-block-paragraph\"><strong>Formaci\u00f3n Acad\u00e9mica:<\/strong><br>Egresado(a) o bachiller de las carreras de ingenier\u00eda pesquera, ciencias biol\u00f3gicas, ingenier\u00eda Ambiental o carreras afines.<\/p>\n\n\n\n<p class=\"wp-block-paragraph\"><strong>Experiencia previa:<\/strong><\/p>\n\n\n\n<ul class=\"wp-block-list\">\n<li>Indispensable: Acreditar pr\u00e1cticas pre-profesionales completas relacionadas a su carrera.<\/li>\n\n\n\n<li>Indispensable: Acreditar participaci\u00f3n en actividades de investigaci\u00f3n universitaria (seminarios de tesis, c\u00edrculos universitarios de investigaci\u00f3n, participaci\u00f3n en proyectos de docentes, u otros similares).<\/li>\n\n\n\n<li>Deseable: Contar con alg\u00fan tipo de participaci\u00f3n en actividades relacionadas con comunidades de pescadores o flotas pesqueras.<\/li>\n<\/ul>\n\n\n\n<p class=\"wp-block-paragraph\"><strong>Competencias t\u00e9cnicas:<\/strong><\/p>\n\n\n\n<ul class=\"wp-block-list\">\n<li>Capacidad para organizar, procesar e interpretar informaci\u00f3n cuantitativa utilizando herramientas de an\u00e1lisis de datos y estad\u00edstica descriptiva e inferencial.<\/li>\n\n\n\n<li>Capacidad de redacci\u00f3n clara y ordenada para la elaboraci\u00f3n de reportes, ayudas memoria y documentos t\u00e9cnicos.<\/li>\n\n\n\n<li>Capacidad para interpretar informaci\u00f3n pesquera, biol\u00f3gica y socioecon\u00f3mica asociada a recursos marinos y pesquer\u00edas.<\/li>\n\n\n\n<li>Capacidad para interactuar y comunicarse de manera efectiva con pescadores, autoridades locales y otros actores vinculados a procesos de gesti\u00f3n participativa.<\/li>\n\n\n\n<li>Manejo de herramientas de inteligencia artificial generativa para apoyar actividades de investigaci\u00f3n, sistematizaci\u00f3n de informaci\u00f3n y elaboraci\u00f3n de productos escritos, aplicando criterios de revisi\u00f3n y validaci\u00f3n de resultados.<\/li>\n<\/ul>\n\n\n\n<p class=\"wp-block-paragraph\"><strong>Competencias blandas:<\/strong><\/p>\n\n\n\n<ul class=\"wp-block-list\">\n<li>Inter\u00e9s por temas de conservaci\u00f3n marina, pesquer\u00edas y desarrollo sostenible.<\/li>\n\n\n\n<li>Capacidad de adaptaci\u00f3n y disposici\u00f3n para aprender en entornos din\u00e1micos.<\/li>\n\n\n\n<li>Organizaci\u00f3n y responsabilidad en el desarrollo de sus actividades.<\/li>\n\n\n\n<li>Disposici\u00f3n para el trabajo colaborativo y el apoyo a objetivos comunes.<\/li>\n\n\n\n<li>Iniciativa y proactividad para la resoluci\u00f3n de tareas y desaf\u00edos propios del trabajo de campo y gabinete.<\/li>\n<\/ul>\n\n\n\n<p class=\"wp-block-paragraph\"><strong>POSTULACI\u00d3N<\/strong><br>Las personas que cumplan con el perfil deber\u00e1n enviar su curr\u00edculum vitae <strong>no<\/strong> documentado y una carta de intenci\u00f3n (m\u00e1ximo 1 p\u00e1gina), en la que desarrolle de forma concisa sus expectativas de desarrollo profesional (ver secci\u00f3n 6).<\/p>\n\n\n\n<p class=\"wp-block-paragraph\">Los documentos deben enviarse al correo electr\u00f3nico <a href=\"mailto:convocatorias@redes.pe\"><strong>convocatorias@redes.pe<\/strong><\/a> <strong>con el asunto: \u201cPRACTICANTE PROFESIONAL\u201d, hasta el <u>07 de septiembre de 2026<\/u>.<\/strong><\/p>\n\n\n\n<p class=\"wp-block-paragraph\">Solo los perfiles seleccionados para la siguiente fase del proceso ser\u00e1n contactados por correo electr\u00f3nico a m\u00e1s tardar el 08 de septiembre de 2026.<\/p>\n\n\n\n<p class=\"wp-block-paragraph\"><strong>RECOMENDACIONES SOBRE LA CARTA DE INTENCI\u00d3N<\/strong><\/p>\n\n\n\n<p class=\"wp-block-paragraph\">Los y las postulantes deben presentar una carta de intenci\u00f3n con sus datos personales, donde detallen de forma clara y concisa sus motivos y expectativas de realizar pr\u00e1cticas en REDES-SP. Pueden utilizar las siguientes preguntas como referencia.<\/p>\n\n\n\n<ol style=\"list-style-type:lower-alpha\" class=\"wp-block-list\">\n<li>\u00bfCu\u00e1les son las motivaciones para practicar en REDES-SP?<\/li>\n\n\n\n<li>\u00bfCu\u00e1les son sus expectativas de desarrollo profesional? \u00bfEstas pr\u00e1cticas c\u00f3mo se relaciona con estas expectativas?<\/li>\n\n\n\n<li>\u00bfQu\u00e9 conocimientos, habilidades o experiencias considera que podr\u00eda aportar a los fines del proyecto y qu\u00e9 espera aprender durante el periodo de pr\u00e1cticas?<\/li>\n<\/ol>\n\n\n\n<p class=\"has-text-align-center wp-block-paragraph\"><a href=\"https:\/\/redinfor.com.pe\/portal\/2019\/04\/24\/monitoreo-y-evaluacion-de-programas-y-proyectos-sociales\/\" target=\"_blank\" rel=\"noopener\"><img decoding=\"async\" src=\" https:\/\/redinfor.com.pe\/Avisos\/MEPPS\/MEPPS_advisor_large.jpg \"><\/a><\/p>\n","protected":false},"excerpt":{"rendered":"<p>[PER\u00da] CONVOCATORIA DE PRACTICANTES PROFESIONALES INTRODUCCI\u00d3NREDES-Sostenibilidad Pesquera (REDES-SP) es una organizaci\u00f3n peruana sin fines de lucro dedicada a promover la gesti\u00f3n sostenible de las pesquer\u00edas y la conservaci\u00f3n de los&hellip; <\/p>\n","protected":false},"author":1,"featured_media":12094,"comment_status":"closed","ping_status":"closed","sticky":false,"template":"","format":"standard","meta":{"footnotes":""},"categories":[406],"tags":[354,455,265,905,3902,474,156,5401,190,226,592,483,456,167,5925,949,4608,169,244,2516,4477,1502,63,4145],"class_list":["post-56012","post","type-post","status-publish","format-standard","has-post-thumbnail","hentry","category-convoca_pub","tag-actividades","tag-ambiental","tag-apoyo","tag-articulacion","tag-bachiller","tag-biologia","tag-campo","tag-egresado","tag-encuestas","tag-entrevistas","tag-fortalecimiento","tag-informacion","tag-ingenieria","tag-investigacion","tag-organizar","tag-pesquera","tag-practicantes","tag-profesionales","tag-proyecto","tag-recoleccion","tag-redes-sostenibilidad-pesquera","tag-registro","tag-sistematizacion","tag-unalm"],"_links":{"self":[{"href":"https:\/\/redinfor.com.pe\/portal\/wp-json\/wp\/v2\/posts\/56012","targetHints":{"allow":["GET"]}}],"collection":[{"href":"https:\/\/redinfor.com.pe\/portal\/wp-json\/wp\/v2\/posts"}],"about":[{"href":"https:\/\/redinfor.com.pe\/portal\/wp-json\/wp\/v2\/types\/post"}],"author":[{"embeddable":true,"href":"https:\/\/redinfor.com.pe\/portal\/wp-json\/wp\/v2\/users\/1"}],"replies":[{"embeddable":true,"href":"https:\/\/redinfor.com.pe\/portal\/wp-json\/wp\/v2\/comments?post=56012"}],"version-history":[{"count":1,"href":"https:\/\/redinfor.com.pe\/portal\/wp-json\/wp\/v2\/posts\/56012\/revisions"}],"predecessor-version":[{"id":56013,"href":"https:\/\/redinfor.com.pe\/portal\/wp-json\/wp\/v2\/posts\/56012\/revisions\/56013"}],"wp:featuredmedia":[{"embeddable":true,"href":"https:\/\/redinfor.com.pe\/portal\/wp-json\/wp\/v2\/media\/12094"}],"wp:attachment":[{"href":"https:\/\/redinfor.com.pe\/portal\/wp-json\/wp\/v2\/media?parent=56012"}],"wp:term":[{"taxonomy":"category","embeddable":true,"href":"https:\/\/redinfor.com.pe\/portal\/wp-json\/wp\/v2\/categories?post=56012"},{"taxonomy":"post_tag","embeddable":true,"href":"https:\/\/redinfor.com.pe\/portal\/wp-json\/wp\/v2\/tags?post=56012"}],"curies":[{"name":"wp","href":"https:\/\/api.w.org\/{rel}","templated":true}]}}