{"id":56016,"date":"2026-09-01T17:39:41","date_gmt":"2026-09-01T22:39:41","guid":{"rendered":"https:\/\/redinfor.com.pe\/portal\/?p=56016"},"modified":"2026-09-01T17:39:43","modified_gmt":"2026-09-01T22:39:43","slug":"peru-consultoria-evaluacion-externa-del-proyecto-sembrar-semillas-para-vivir-bien","status":"publish","type":"post","link":"https:\/\/redinfor.com.pe\/portal\/2026\/09\/01\/peru-consultoria-evaluacion-externa-del-proyecto-sembrar-semillas-para-vivir-bien\/","title":{"rendered":"[PER\u00da] CONSULTOR\u00cdA EVALUACI\u00d3N EXTERNA DEL PROYECTO \u201cSEMBRAR SEMILLAS PARA VIVIR BIEN"},"content":{"rendered":"\n<p class=\"has-text-align-center has-medium-font-size wp-block-paragraph\"><strong>[PER\u00da] CONSULTOR\u00cdA EVALUACI\u00d3N EXTERNA DEL PROYECTO \u201cSEMBRAR SEMILLAS PARA VIVIR BIEN<\/strong><\/p>\n\n\n\n<p class=\"wp-block-paragraph\"><strong>OBJETIVOS DE LA EVALUACI\u00d3N<\/strong><\/p>\n\n\n\n<ul class=\"wp-block-list\">\n<li>Extraer las principales lecciones y formular recomendaciones pr\u00e1cticas que sirvan a la toma de decisiones para una siguiente fase del proyecto.<\/li>\n\n\n\n<li>Evaluar la pertinencia de las estrategias adoptadas por el proyecto para favorecer la igualdad de g\u00e9nero, la incorporaci\u00f3n de j\u00f3venes hombres y mujeres; as\u00ed como medidas, para enfrentar el cambio clim\u00e1tico.<\/li>\n\n\n\n<li>Evaluar la pertinencia de las estrategias implementadas y sus efectos para el fortalecimiento de los\/as titulares de derecho del proyecto y otras organizaciones de la sociedad civil.<\/li>\n\n\n\n<li>Evaluar los efectos que ha tenido el proyecto en el fortalecimiento de capacidades de los equipos profesionales de FOVIDA.<\/li>\n\n\n\n<li>Sistematizar metodolog\u00edas o enfoques que puedan replicarse o escalar en otros territorios.<\/li>\n\n\n\n<li>An\u00e1lisis de sinergias, coordinaci\u00f3n y complementariedad entre el proyecto y otros proyectos e intervenciones p\u00fablicas de la misma naturaleza implementados en el entorno<\/li>\n<\/ul>\n\n\n\n<p class=\"wp-block-paragraph\"><strong>EQUIPO DE EVALUACI\u00d3N<\/strong><br>El equipo de evaluaci\u00f3n estar\u00e1 formado por 02 expertos\/as con el perfil y cualificaciones siguientes:<\/p>\n\n\n\n<ul class=\"wp-block-list\">\n<li>Formaci\u00f3n profesional en ciencias agrarias, de preferencia agr\u00f3nomo, o ingeniero ambiental, o forestal. Con amplia experiencia en evaluaci\u00f3n de proyecto, referidos a econom\u00eda campesina alto andina, agroecolog\u00eda, medio ambiente y cambio clim\u00e1tico que incorporen el enfoque de g\u00e9nero de manera transversal.<\/li>\n\n\n\n<li>Formaci\u00f3n profesional en ciencias sociales, con maestr\u00eda en g\u00e9nero. Con amplia experiencia en evaluaci\u00f3n de proyectos, referidos principalmente a igualdad de g\u00e9nero, econom\u00eda campesina, agroecolog\u00eda, medio ambiente y cambio clim\u00e1tico. Con dominio de los enfoques territorial, g\u00e9nero e interculturalidad.<\/li>\n\n\n\n<li>Se valorar\u00e1 positivamente la experiencia en evaluaci\u00f3n de proyectos, en los temas que aborda el mismo.<\/li>\n\n\n\n<li>Estar plenamente familiarizado con los principios y m\u00e9todos de trabajo de la gesti\u00f3n del ciclo del proyecto.<\/li>\n\n\n\n<li>Se valorar\u00e1 la inclusi\u00f3n de profesionales de Per\u00fa, el equilibrio entre g\u00e9neros y las colaboraciones previas.<\/li>\n<\/ul>\n\n\n\n<p class=\"has-text-align-center wp-block-paragraph\"><a href=\"https:\/\/redinfor.com.pe\/portal\/2019\/04\/24\/monitoreo-y-evaluacion-de-programas-y-proyectos-sociales\/\" target=\"_blank\" rel=\"noopener\"><img decoding=\"async\" src=\" https:\/\/www.redinfor.com.pe\/Avisos\/MEPPS\/MEPPS_advisor.jpg \"><\/a><\/p>\n\n\n\n<p class=\"wp-block-paragraph\"><strong>CALENDARIO DE EVALUACI\u00d3N<\/strong><br>La misi\u00f3n de evaluaci\u00f3n podr\u00e1 programarse y desarrollarse entre el 12 de octubre del 2026 y el 27 de noviembre del 2026. Una devoluci\u00f3n escrita de los contenidos del informe provisional ha de preverse a <strong>m\u00e1s tardar el 13 de noviembre del 2026.<\/strong><\/p>\n\n\n\n<p class=\"wp-block-paragraph\">La fecha l\u00edmite de entrega del <strong>informe final ser\u00e1 el 27 de noviembre del 2026.<\/strong><\/p>\n\n\n\n<p class=\"has-text-align-center wp-block-paragraph\" style=\"font-size:30px\"><strong><a href=\"https:\/\/drive.google.com\/file\/d\/1Cy4mcFlWJH2O9DX9S1E4L97pkj_A23Yx\/view?usp=sharing\" target=\"_blank\" rel=\"noopener\">VER T\u00c9RMINOS DE REFERENCIA<\/a><\/strong><\/p>\n\n\n\n<p class=\"wp-block-paragraph\"><strong>PRESENTACI\u00d3N Y RECEPCI\u00d3N DE OFERTAS<\/strong><strong><\/strong><\/p>\n\n\n\n<p class=\"wp-block-paragraph\"><strong>Oferta T\u00e9cnica<\/strong><br>Quienes deseen tomar parte en esta convocatoria deber\u00e1n presentar una carta de expresi\u00f3n de inter\u00e9s dirigida a FOVIDA (fechada y firmada) acompa\u00f1ada de la oferta t\u00e9cnica de acuerdo con lo establecido en los presentes TDR, la cual deber\u00e1 de contener, la propuesta metodol\u00f3gica para desarrollar la evaluaci\u00f3n, as\u00ed como las hojas de vida del equipo de evaluadores, con los respectivos atestados que respaldan, la experiencia en las \u00e1reas requeridas.<\/p>\n\n\n\n<p class=\"wp-block-paragraph\"><strong>Oferta econ\u00f3mica<\/strong><br>La oferta econ\u00f3mica deber\u00e1 incorporar una distribuci\u00f3n de los costos que se incurrir\u00e1n para cumplir con los productos requeridos en los t\u00e9rminos de referencia, debe remitirse en un documento separado, debidamente firmada, en el caso de equipo consultor se debe de incluir el sello de la entidad, la oferta debe estar preparada en soles y se debe considerar el Impuesto Sobre la Renta.<\/p>\n\n\n\n<p class=\"wp-block-paragraph\"><strong><em>Las ofertas que no respetan los formatos indicados no ser\u00e1n consideradas<\/em><\/strong><\/p>\n\n\n\n<p class=\"wp-block-paragraph\"><strong>Recepci\u00f3n de ofertas.<\/strong><br>El equipo evaluador, deber\u00e1 <strong>presentar su propuesta t\u00e9cnica y econ\u00f3mica a m\u00e1s tardar el 21 de setiembre del 2026, con atenci\u00f3n a Martha Cuentas a la direcci\u00f3n de correo electr\u00f3nico: <a href=\"mailto:mcuentas@fovida.org.pe\">mcuentas@fovida.org.pe<\/a><\/strong><\/p>\n\n\n\n<p class=\"has-text-align-center wp-block-paragraph\"><a href=\"https:\/\/redinfor.com.pe\/portal\/2019\/11\/06\/diseno-y-metodos-de-evaluacion-de-impacto\/\" target=\"_blank\" rel=\"noopener\"><img decoding=\"async\" src=\" https:\/\/redinfor.com.pe\/Avisos\/DMEI\/DMEI_advisor_large.jpg \"><\/a><\/p>\n","protected":false},"excerpt":{"rendered":"<p>[PER\u00da] CONSULTOR\u00cdA EVALUACI\u00d3N EXTERNA DEL PROYECTO \u201cSEMBRAR SEMILLAS PARA VIVIR BIEN OBJETIVOS DE LA EVALUACI\u00d3N EQUIPO DE EVALUACI\u00d3NEl equipo de evaluaci\u00f3n estar\u00e1 formado por 02 expertos\/as con el perfil y&hellip; <\/p>\n","protected":false},"author":1,"featured_media":3434,"comment_status":"closed","ping_status":"closed","sticky":false,"template":"","format":"standard","meta":{"footnotes":""},"categories":[406],"tags":[157,4956,865,3742,423,1544,455,40,3032,116,3149,264,66,475,1007,53,4990,456,425,776,2012,244,4145],"class_list":["post-56016","post","type-post","status-publish","format-standard","has-post-thumbnail","hentry","category-convoca_pub","tag-agroecologia","tag-agronoma","tag-agronomia","tag-agronomica","tag-agronomo","tag-altoandinas","tag-ambiental","tag-cambio-climatico","tag-campesina","tag-ciencias-sociales","tag-consultoria-2","tag-economia","tag-evaluacion","tag-forestal","tag-fovida","tag-genero","tag-ingeniera","tag-ingenieria","tag-ingeniero","tag-interculturalidad","tag-medio-ambiente","tag-proyecto","tag-unalm"],"_links":{"self":[{"href":"https:\/\/redinfor.com.pe\/portal\/wp-json\/wp\/v2\/posts\/56016","targetHints":{"allow":["GET"]}}],"collection":[{"href":"https:\/\/redinfor.com.pe\/portal\/wp-json\/wp\/v2\/posts"}],"about":[{"href":"https:\/\/redinfor.com.pe\/portal\/wp-json\/wp\/v2\/types\/post"}],"author":[{"embeddable":true,"href":"https:\/\/redinfor.com.pe\/portal\/wp-json\/wp\/v2\/users\/1"}],"replies":[{"embeddable":true,"href":"https:\/\/redinfor.com.pe\/portal\/wp-json\/wp\/v2\/comments?post=56016"}],"version-history":[{"count":1,"href":"https:\/\/redinfor.com.pe\/portal\/wp-json\/wp\/v2\/posts\/56016\/revisions"}],"predecessor-version":[{"id":56017,"href":"https:\/\/redinfor.com.pe\/portal\/wp-json\/wp\/v2\/posts\/56016\/revisions\/56017"}],"wp:featuredmedia":[{"embeddable":true,"href":"https:\/\/redinfor.com.pe\/portal\/wp-json\/wp\/v2\/media\/3434"}],"wp:attachment":[{"href":"https:\/\/redinfor.com.pe\/portal\/wp-json\/wp\/v2\/media?parent=56016"}],"wp:term":[{"taxonomy":"category","embeddable":true,"href":"https:\/\/redinfor.com.pe\/portal\/wp-json\/wp\/v2\/categories?post=56016"},{"taxonomy":"post_tag","embeddable":true,"href":"https:\/\/redinfor.com.pe\/portal\/wp-json\/wp\/v2\/tags?post=56016"}],"curies":[{"name":"wp","href":"https:\/\/api.w.org\/{rel}","templated":true}]}}