{"id":56025,"date":"2026-09-02T10:54:18","date_gmt":"2026-09-02T15:54:18","guid":{"rendered":"https:\/\/redinfor.com.pe\/portal\/?p=56025"},"modified":"2026-09-02T15:33:37","modified_gmt":"2026-09-02T20:33:37","slug":"peru-asistencia-tecnica-y-administrativa-al-osvih-peru-y-acompanamiento-del-monitoreo-liderado-por-la-comunidad-mlc-en-el-marco-del-proyecto-pais-tb-vih-fondo-mundial","status":"publish","type":"post","link":"https:\/\/redinfor.com.pe\/portal\/2026\/09\/02\/peru-asistencia-tecnica-y-administrativa-al-osvih-peru-y-acompanamiento-del-monitoreo-liderado-por-la-comunidad-mlc-en-el-marco-del-proyecto-pais-tb-vih-fondo-mundial\/","title":{"rendered":"[PER\u00da] CONTRATACI\u00d3N DE ASISTENCIA T\u00c9CNICA Y ADMINISTRATIVA AL OSVIH PER\u00da Y ACOMPA\u00d1AMIENTO DEL MONITOREO LIDERADO POR LA COMUNIDAD (MLC) EN EL MARCO DEL PROYECTO PA\u00cdS TB-VIH &#8211; FONDO MUNDIAL"},"content":{"rendered":"\n<p class=\"has-text-align-center has-medium-font-size wp-block-paragraph\"><strong>[PER\u00da] CONTRATACI\u00d3N DE<\/strong> <strong>ASISTENCIA T\u00c9CNICA Y ADMINISTRATIVA AL OSVIH PER\u00da Y ACOMPA\u00d1AMIENTO DEL MONITOREO LIDERADO POR LA COMUNIDAD (MLC) EN EL MARCO DEL PROYECTO PA\u00cdS TB-VIH &#8211; FONDO MUNDIAL<\/strong><\/p>\n\n\n\n<p class=\"wp-block-paragraph\"><strong>OBJETO DEL SERVICIO<\/strong><br>Brindar asistencia t\u00e9cnica y administrativa al OSVIH Per\u00fa para apoyar su funcionamiento y acompa\u00f1ar la socializaci\u00f3n, an\u00e1lisis y retroalimentaci\u00f3n de los resultados del MLC, as\u00ed como la definici\u00f3n de acciones para su seguimiento.<\/p>\n\n\n\n<p class=\"wp-block-paragraph\"><strong>AMBITO<\/strong><br>El servicio tiene alcance a nivel nacional &#8211; Per\u00fa.<\/p>\n\n\n\n<p class=\"wp-block-paragraph\"><strong>ACTIVIDADES A DESARROLLAR<\/strong><br>Para el desarrollo del servicio, se especifican las siguientes actividades:<\/p>\n\n\n\n<ul class=\"wp-block-list\">\n<li>Apoyar la implementaci\u00f3n y seguimiento del plan de trabajo del OSVIH Per\u00fa y de sus mesas tem\u00e1ticas, incluyendo la coordinaci\u00f3n de reuniones, seguimiento de acuerdos y elaboraci\u00f3n de documentos de trabajo.<\/li>\n\n\n\n<li>Apoyar el seguimiento de los indicadores y actividades priorizadas por el OSVIH Per\u00fa, contribuyendo a la identificaci\u00f3n y comunicaci\u00f3n oportuna de alertas y temas que requieran atenci\u00f3n.<\/li>\n\n\n\n<li>Brindar soporte administrativo y organizativo al OSVIH Per\u00fa, incluyendo la organizaci\u00f3n de reuniones, registro de acuerdos y mantenimiento de la documentaci\u00f3n t\u00e9cnica y administrativa.<\/li>\n\n\n\n<li>Acompa\u00f1ar y facilitar la socializaci\u00f3n de los resultados del MLC desarrollado por los consultores con el OSVIH Per\u00fa, promoviendo espacios de an\u00e1lisis, discusi\u00f3n y retroalimentaci\u00f3n.<\/li>\n\n\n\n<li>Asegurar, mediante reuniones de trabajo, que los integrantes del OSVIH Per\u00fa conozcan, comprendan y analicen los principales resultados, hallazgos y recomendaciones derivados del MLC, recogiendo y sistematizando sus aportes.<\/li>\n\n\n\n<li>Apoyar al OSVIH Per\u00fa en la elaboraci\u00f3n conjunta de un plan de actividades a partir de los resultados y recomendaciones del MLC, orientado a definir acciones de incidencia con los actores involucrados en la respuesta al VIH<\/li>\n<\/ul>\n\n\n\n<p class=\"wp-block-paragraph\">Al cierre de cada producto, se presentar\u00e1 un informe que describa las actividades realizadas adjuntando los medios de verificaci\u00f3n correspondientes.<\/p>\n\n\n\n<p class=\"wp-block-paragraph\"><strong>DURACI\u00d3N<\/strong><br>El servicio solicitado tiene una duraci\u00f3n desde el 15 de setiembre del 2026 al 23 de diciembre del 2026<\/p>\n\n\n\n<p class=\"wp-block-paragraph\"><strong>FORMA DE PAGO<\/strong><br>El pago por este servicio ser\u00e1 realizado a la presentaci\u00f3n de los productos de acuerdo al siguiente cuadro; con la conformidad respectiva.<\/p>\n\n\n\n<figure class=\"wp-block-table\"><table><tbody><tr><td><strong>N\u00famero de Producto<\/strong><\/td><td><strong>Fecha m\u00e1xima de presentaci\u00f3n<\/strong><\/td><td><strong>Monto<\/strong><\/td><\/tr><tr><td>Producto 1<\/td><td>30\/09\/2026<\/td><td>S\/. 2,000.00<\/td><\/tr><tr><td>Producto 2<\/td><td>30\/10\/2026<\/td><td>S\/. 3,000.00<\/td><\/tr><tr><td>Producto 3<\/td><td>30\/11\/2026<\/td><td>S\/. 3,000.00<\/td><\/tr><tr><td>Producto 4<\/td><td>23\/12\/2026<\/td><td>S\/. 2,000.00<\/td><\/tr><\/tbody><\/table><\/figure>\n\n\n\n<p class=\"has-text-align-center wp-block-paragraph\"><a href=\"https:\/\/redinfor.com.pe\/portal\/2019\/04\/24\/monitoreo-y-evaluacion-de-programas-y-proyectos-sociales\/\" target=\"_blank\" rel=\"noopener\"><img decoding=\"async\" src=\" https:\/\/www.redinfor.com.pe\/Avisos\/MEPPS\/MEPPS_advisor.jpg \"><\/a><\/p>\n\n\n\n<p class=\"wp-block-paragraph\"><strong>REQUISITOS Y PERFIL<\/strong><br>Persona natural que cuente con el siguiente perfil:<\/p>\n\n\n\n<ul class=\"wp-block-list\">\n<li>Formaci\u00f3n universitaria\/t\u00e9cnica con grado de bachiller o t\u00edtulo profesional en temas relacionados a la salud, gesti\u00f3n administrativa, ciencias sociales.<\/li>\n\n\n\n<li>Con experiencia en el trabajo con organizaciones de la sociedad civil que se relacionen a la ejecuci\u00f3n de iniciativas o proyectos sociales o de salud en VIH.<\/li>\n\n\n\n<li>Deseable participaci\u00f3n en espacios de di\u00e1logo relacionados a la respuesta al VIH, debiendo acreditarlo de manera documentaria.<\/li>\n\n\n\n<li>Deseable participaci\u00f3n en entrenamientos, talleres o eventos, nacionales o internacionales, relacionados a VIH \/SIDA<\/li>\n\n\n\n<li>Manejo de plataformas virtuales (ejemplo: Zoom, Meet, entre otros) y el entorno de Windows office.<\/li>\n\n\n\n<li>Excelente redacci\u00f3n y gram\u00e1tica y ortograf\u00eda<\/li>\n\n\n\n<li>Preferentemente integrante de las comunidades de PV o PC que pertenecen a las organizaciones del OSVIH.<\/li>\n<\/ul>\n\n\n\n<p class=\"wp-block-paragraph\"><strong>\u00abSES PER\u00da se compromete a proteger a los empleados y a aquellos a quienes servimos, abordando los comportamientos inadecuados, la discriminaci\u00f3n y el acoso. Adoptamos un enfoque inclusivo, promovemos la igualdad de g\u00e9nero y seguimos nuestro C\u00f3digo de \u00c9tica\u00bb<\/strong><\/p>\n\n\n\n<p class=\"has-text-align-center wp-block-paragraph\" style=\"font-size:30px\"><strong><a href=\"https:\/\/drive.google.com\/file\/d\/1qEZ6VZjjn24cER1vJCpwXZFJ5HK-Qwod\/view?usp=sharing\" target=\"_blank\" rel=\"noopener\">VER T\u00c9RMINOS DE REFERENCIA<\/a><\/strong><\/p>\n\n\n\n<p class=\"wp-block-paragraph\">Los interesados deben enviar los documentos solicitados al correo de <a href=\"mailto:licitaciones_ses@pih.org\">licitaciones_ses@pih.org<\/a>&nbsp;con el asunto \u00ab<strong>ASISTENCIA T\u00c9CNICA Y ADMINISTRATIVA VIH<\/strong>\u00ab<\/p>\n\n\n\n<p class=\"wp-block-paragraph\"><strong>CRONOGRAMA PARA LA PUBLICACI\u00d3N:<\/strong><strong><\/strong><\/p>\n\n\n\n<figure class=\"wp-block-table\"><table><tbody><tr><td><strong>Publicaci\u00f3n<\/strong><\/td><td>2 setiembre de 2026<\/td><\/tr><tr><td><strong>Recepci\u00f3n de documentos<\/strong><\/td><td>Del 02 al 07 setiembre de 2026 hasta las 15 horas<\/td><\/tr><tr><td><strong>Revisi\u00f3n de documentos<\/strong><\/td><td>08 de setiembre de 2026<\/td><\/tr><\/tbody><\/table><\/figure>\n\n\n\n<p class=\"has-text-align-center wp-block-paragraph\"><a href=\"https:\/\/redinfor.com.pe\/portal\/2019\/11\/06\/diseno-y-metodos-de-evaluacion-de-impacto\/\" target=\"_blank\" rel=\"noopener\"><img decoding=\"async\" src=\" https:\/\/redinfor.com.pe\/Avisos\/DMEI\/DMEI_advisor_large.jpg \"><\/a><\/p>\n","protected":false},"excerpt":{"rendered":"<p>[PER\u00da] CONTRATACI\u00d3N DE ASISTENCIA T\u00c9CNICA Y ADMINISTRATIVA AL OSVIH PER\u00da Y ACOMPA\u00d1AMIENTO DEL MONITOREO LIDERADO POR LA COMUNIDAD (MLC) EN EL MARCO DEL PROYECTO PA\u00cdS TB-VIH &#8211; FONDO MUNDIAL OBJETO&hellip; <\/p>\n","protected":false},"author":1,"featured_media":17847,"comment_status":"closed","ping_status":"closed","sticky":false,"template":"","format":"standard","meta":{"footnotes":""},"categories":[406],"tags":[138,139,935,228,621,116,2326,1140,707,323,65,5926,244,2623,171,113,1263,503,3810,563],"class_list":["post-56025","post","type-post","status-publish","format-standard","has-post-thumbnail","hentry","category-convoca_pub","tag-acompanamiento","tag-administracion","tag-administrativa","tag-analisis","tag-asistencia","tag-ciencias-sociales","tag-comunidad","tag-coordinacion","tag-fondo-mundial","tag-gestion","tag-monitoreo","tag-osvih","tag-proyecto","tag-retroalimentacion","tag-salud","tag-seguimiento","tag-socializacion","tag-socios-en-salud","tag-tb-vih-2","tag-tecnica"],"_links":{"self":[{"href":"https:\/\/redinfor.com.pe\/portal\/wp-json\/wp\/v2\/posts\/56025","targetHints":{"allow":["GET"]}}],"collection":[{"href":"https:\/\/redinfor.com.pe\/portal\/wp-json\/wp\/v2\/posts"}],"about":[{"href":"https:\/\/redinfor.com.pe\/portal\/wp-json\/wp\/v2\/types\/post"}],"author":[{"embeddable":true,"href":"https:\/\/redinfor.com.pe\/portal\/wp-json\/wp\/v2\/users\/1"}],"replies":[{"embeddable":true,"href":"https:\/\/redinfor.com.pe\/portal\/wp-json\/wp\/v2\/comments?post=56025"}],"version-history":[{"count":2,"href":"https:\/\/redinfor.com.pe\/portal\/wp-json\/wp\/v2\/posts\/56025\/revisions"}],"predecessor-version":[{"id":56027,"href":"https:\/\/redinfor.com.pe\/portal\/wp-json\/wp\/v2\/posts\/56025\/revisions\/56027"}],"wp:featuredmedia":[{"embeddable":true,"href":"https:\/\/redinfor.com.pe\/portal\/wp-json\/wp\/v2\/media\/17847"}],"wp:attachment":[{"href":"https:\/\/redinfor.com.pe\/portal\/wp-json\/wp\/v2\/media?parent=56025"}],"wp:term":[{"taxonomy":"category","embeddable":true,"href":"https:\/\/redinfor.com.pe\/portal\/wp-json\/wp\/v2\/categories?post=56025"},{"taxonomy":"post_tag","embeddable":true,"href":"https:\/\/redinfor.com.pe\/portal\/wp-json\/wp\/v2\/tags?post=56025"}],"curies":[{"name":"wp","href":"https:\/\/api.w.org\/{rel}","templated":true}]}}