{"id":56032,"date":"2026-09-02T15:32:38","date_gmt":"2026-09-02T20:32:38","guid":{"rendered":"https:\/\/redinfor.com.pe\/portal\/?p=56032"},"modified":"2026-09-02T15:32:40","modified_gmt":"2026-09-02T20:32:40","slug":"peru-contratacion-de-una-organizacion-mediante-fondo-concursable-para-la-implementacion-de-actividades-en-monitoreo-liderado-por-la-comunidad-mlc-en-vih-en-el-ambito-nacional-con-excepcion-de-lima","status":"publish","type":"post","link":"https:\/\/redinfor.com.pe\/portal\/2026\/09\/02\/peru-contratacion-de-una-organizacion-mediante-fondo-concursable-para-la-implementacion-de-actividades-en-monitoreo-liderado-por-la-comunidad-mlc-en-vih-en-el-ambito-nacional-con-excepcion-de-lima\/","title":{"rendered":"[PER\u00da] CONTRATACI\u00d3N DE UNA ORGANIZACI\u00d3N MEDIANTE FONDO CONCURSABLE PARA LA IMPLEMENTACI\u00d3N DE ACTIVIDADES EN MONITOREO LIDERADO POR LA COMUNIDAD (MLC) EN VIH EN EL \u00c1MBITO NACIONAL CON EXCEPCI\u00d3N DE LIMA Y CALLAO"},"content":{"rendered":"\n<p class=\"has-text-align-center has-medium-font-size wp-block-paragraph\"><strong>[PER\u00da] CONTRATACI\u00d3N DE UNA ORGANIZACI\u00d3N MEDIANTE FONDO CONCURSABLE PARA LA IMPLEMENTACI\u00d3N DE ACTIVIDADES EN MONITOREO LIDERADO POR LA COMUNIDAD (MLC) EN VIH EN EL \u00c1MBITO NACIONAL CON EXCEPCI\u00d3N DE LIMA Y CALLAO<\/strong><\/p>\n\n\n\n<p class=\"has-text-align-center wp-block-paragraph\" style=\"font-size:30px\"><strong><a href=\"https:\/\/drive.google.com\/drive\/folders\/1nzpSJYI0PDv8zVANRl62z6NKnkYpTUMy?usp=sharing\">VER T\u00c9RMINOS DE REFERENCIA Y ANEXOS<\/a><\/strong><\/p>\n\n\n\n<figure class=\"wp-block-table\"><table><tbody><tr><td><strong>FASE&nbsp;DEL&nbsp;PROCESO<\/strong><\/td><td><strong>FECHAS<\/strong><\/td><\/tr><tr><td>Convocatoria<\/td><td><strong>02 de setiembre&nbsp;del&nbsp;2026<\/strong>&nbsp; Invitaci\u00f3n a organizaciones para la postulaci\u00f3n&nbsp;<\/td><\/tr><tr><td>Recepci\u00f3n&nbsp;de consultas&nbsp;<\/td><td><strong>Del&nbsp;02&nbsp;de setiembre al 03 de setiembre del 2026<\/strong> &nbsp; Correo&nbsp;electr\u00f3nico: <a href=\"mailto:licitaciones_ses@pih.org\" target=\"_blank\" rel=\"noopener\">licitaciones_ses@pih.org<\/a>. &nbsp; Indicar&nbsp;en Asunto: CONSULTAS SELECCI\u00d3N DE ORGANIZACI\u00d3N PARA MLC VIH con Excepci\u00f3n de Lima y Callao<\/td><\/tr><tr><td>Absoluci\u00f3n&nbsp;de&nbsp;consultas&nbsp;<\/td><td><strong>04&nbsp;de setiembre del 2026<\/strong> &nbsp;<\/td><\/tr><tr><td>Presentaci\u00f3n de expedientes de postulaci\u00f3n&nbsp;<\/td><td><strong>02&nbsp;de setiembre del 2026 al 07&nbsp;de&nbsp;setiembre&nbsp;del 2026<\/strong>&nbsp;<strong>hasta las 15:00 h<\/strong> <a href=\"mailto:licitaciones_ses@pih.org\" target=\"_blank\" rel=\"noopener\">licitaciones_ses@pih.org<\/a>&nbsp; Indicar en el asunto: SELECCI\u00d3N DE ORGANIZACI\u00d3N PARA MLC VIH con Excepci\u00f3n de Lima y Callao<\/td><\/tr><tr><td>Evaluaci\u00f3n<\/td><td><strong>Del&nbsp;08 al&nbsp;09&nbsp;de setiembre del 2026<\/strong>&nbsp;<\/td><\/tr><tr><td>Resultados&nbsp;finales&nbsp;<\/td><td><strong>10 de setiembre del 2026<\/strong>. Mediante correo electr\u00f3nico <a href=\"mailto:licitaciones_ses@pih.org\" target=\"_blank\" rel=\"noopener\">licitaciones_ses@pih.org<\/a>&nbsp; &nbsp;de SOCIOS EN SALUD SUCURSAL PER\u00da&nbsp;<\/td><\/tr><\/tbody><\/table><\/figure>\n\n\n\n<p class=\"wp-block-paragraph\">Los interesados deben enviar los documentos solicitados al correo de <a href=\"mailto:licitaciones_ses@pih.org\">licitaciones_ses@pih.org<\/a>&nbsp;con el asunto \u00ab<strong>SELECCI\u00d3N DE ORGANIZACI\u00d3N PARA MLC VIH con Excepci\u00f3n de Lima y Callao<\/strong>\u00ab<\/p>\n\n\n\n<p class=\"has-text-align-center wp-block-paragraph\"><a href=\"https:\/\/redinfor.com.pe\/portal\/2019\/04\/24\/monitoreo-y-evaluacion-de-programas-y-proyectos-sociales\/\" target=\"_blank\" rel=\"noopener\"><img decoding=\"async\" src=\" https:\/\/redinfor.com.pe\/Avisos\/MEPPS\/MEPPS_advisor_large.jpg \"><\/a><\/p>\n","protected":false},"excerpt":{"rendered":"<p>[PER\u00da] CONTRATACI\u00d3N DE UNA ORGANIZACI\u00d3N MEDIANTE FONDO CONCURSABLE PARA LA IMPLEMENTACI\u00d3N DE ACTIVIDADES EN MONITOREO LIDERADO POR LA COMUNIDAD (MLC) EN VIH EN EL \u00c1MBITO NACIONAL CON EXCEPCI\u00d3N DE LIMA&hellip; <\/p>\n","protected":false},"author":1,"featured_media":17847,"comment_status":"closed","ping_status":"closed","sticky":false,"template":"","format":"standard","meta":{"footnotes":""},"categories":[406],"tags":[354,1696,2326,799,65,696,1251,503,1987],"class_list":["post-56032","post","type-post","status-publish","format-standard","has-post-thumbnail","hentry","category-convoca_pub","tag-actividades","tag-ambito","tag-comunidad","tag-implementacion","tag-monitoreo","tag-nacional","tag-organizacion","tag-socios-en-salud","tag-vih"],"_links":{"self":[{"href":"https:\/\/redinfor.com.pe\/portal\/wp-json\/wp\/v2\/posts\/56032","targetHints":{"allow":["GET"]}}],"collection":[{"href":"https:\/\/redinfor.com.pe\/portal\/wp-json\/wp\/v2\/posts"}],"about":[{"href":"https:\/\/redinfor.com.pe\/portal\/wp-json\/wp\/v2\/types\/post"}],"author":[{"embeddable":true,"href":"https:\/\/redinfor.com.pe\/portal\/wp-json\/wp\/v2\/users\/1"}],"replies":[{"embeddable":true,"href":"https:\/\/redinfor.com.pe\/portal\/wp-json\/wp\/v2\/comments?post=56032"}],"version-history":[{"count":1,"href":"https:\/\/redinfor.com.pe\/portal\/wp-json\/wp\/v2\/posts\/56032\/revisions"}],"predecessor-version":[{"id":56033,"href":"https:\/\/redinfor.com.pe\/portal\/wp-json\/wp\/v2\/posts\/56032\/revisions\/56033"}],"wp:featuredmedia":[{"embeddable":true,"href":"https:\/\/redinfor.com.pe\/portal\/wp-json\/wp\/v2\/media\/17847"}],"wp:attachment":[{"href":"https:\/\/redinfor.com.pe\/portal\/wp-json\/wp\/v2\/media?parent=56032"}],"wp:term":[{"taxonomy":"category","embeddable":true,"href":"https:\/\/redinfor.com.pe\/portal\/wp-json\/wp\/v2\/categories?post=56032"},{"taxonomy":"post_tag","embeddable":true,"href":"https:\/\/redinfor.com.pe\/portal\/wp-json\/wp\/v2\/tags?post=56032"}],"curies":[{"name":"wp","href":"https:\/\/api.w.org\/{rel}","templated":true}]}}