{"id":56038,"date":"2026-09-03T13:20:09","date_gmt":"2026-09-03T18:20:09","guid":{"rendered":"https:\/\/redinfor.com.pe\/portal\/?p=56038"},"modified":"2026-09-03T13:20:12","modified_gmt":"2026-09-03T18:20:12","slug":"peru-convocatoria-de-asistente-a-administrativo-a-mejoramiento-del-aprendizaje-y-acceso-a-educacion-superior","status":"publish","type":"post","link":"https:\/\/redinfor.com.pe\/portal\/2026\/09\/03\/peru-convocatoria-de-asistente-a-administrativo-a-mejoramiento-del-aprendizaje-y-acceso-a-educacion-superior\/","title":{"rendered":"[PER\u00da] CONVOCATORIA DE ASISTENTE\/A ADMINISTRATIVO\/A &#8211; MEJORAMIENTO DEL APRENDIZAJE Y ACCESO A EDUCACI\u00d3N SUPERIOR"},"content":{"rendered":"\n<p class=\"has-text-align-center has-medium-font-size wp-block-paragraph\"><strong>[PER\u00da] CONVOCATORIA DE ASISTENTE\/A ADMINISTRATIVO\/A &#8211; MEJORAMIENTO DEL APRENDIZAJE Y ACCESO A EDUCACI\u00d3N SUPERIOR<\/strong><\/p>\n\n\n\n<p class=\"wp-block-paragraph\"><strong>OBJETIVO DE LA POSICI\u00d3N:\u00a0<\/strong> \u00a0\u00a0\u00a0<br>Brindar soporte en la gesti\u00f3n local del servicio \u201cMejoramiento del Aprendizaje y Acceso a Educaci\u00f3n Superior en el \u00c1rea de Influencia Directa de Las Bambas 2025\u20132026\u201d tanto administrativa como program\u00e1ticamente, asegurando la correcta organizaci\u00f3n y manejo de documentaci\u00f3n, facilitando la comunicaci\u00f3n con actores locales, y gestionando el an\u00e1lisis y organizaci\u00f3n de actividades relevantes para el Programa bajo supervisi\u00f3n de la coordinadora local. Adem\u00e1s, el rol incluir\u00e1 el manejo y control de inventarios necesarios para las actividades del Programa.<\/p>\n\n\n\n<p class=\"wp-block-paragraph\"><strong>Requisitos Indispensables:<\/strong><\/p>\n\n\n\n<ul class=\"wp-block-list\">\n<li><strong>Disponibilidad para residir en Challhuahuacho &#8211; Apurimac<\/strong><\/li>\n\n\n\n<li><strong>Experiencia certificada<\/strong><\/li>\n<\/ul>\n\n\n\n<p class=\"wp-block-paragraph\"><strong>FUNCIONES:&nbsp;<\/strong> &nbsp;&nbsp;&nbsp;<\/p>\n\n\n\n<ul class=\"wp-block-list\">\n<li>Asistir al equipo t\u00e9cnico en el manejo de agendas, registro y an\u00e1lisis de informaci\u00f3n, preparaci\u00f3n de informes y presentaciones, coordinando estrechamente con la Coordinadora Local y jefa del Proyecto.\u00a0<\/li>\n\n\n\n<li><span style=\"color: initial;\">Organizar, archivar y mantener documentos tanto f\u00edsicos como digitales de manera eficiente y segura.\u00a0<\/span><\/li>\n\n\n\n<li><span style=\"color: initial;\">Apoyo en la gesti\u00f3n de las comunicaciones y organizaci\u00f3n de reuniones con actores locales en el marco de las actividades del Mejoramiento del Aprendizaje y Acceso a Educaci\u00f3n Superior en el \u00c1rea de Influencia Directa de Las Bambas 2025\u20132026.\u00a0<\/span><\/li>\n\n\n\n<li><span style=\"color: initial;\">Registrar la informaci\u00f3n y articular con los sistemas de monitoreo de CARE Per\u00fa seg\u00fan orientaciones de la Coordinadora local.<\/span><\/li>\n\n\n\n<li><span style=\"color: initial;\">Supervisar la recepci\u00f3n, almacenamiento y distribuci\u00f3n de insumos, materiales y equipos s relacionados con el proyecto, asegurando que se cumplan los est\u00e1ndares de calidad y seguridad, en coordinaci\u00f3n con el equipo t\u00e9cnico del Proyecto y otras \u00e1reas de CARE Per\u00fa.\u00a0<\/span><\/li>\n\n\n\n<li><span style=\"color: initial;\">Mantener un inventario actualizado y preciso de todos los bienes almacenados, utilizando herramientas y sistemas de gesti\u00f3n adecuados, realizar pedidos cuando sea necesario y asegurar un control adecuado de los recursos.\u00a0<\/span><\/li>\n\n\n\n<li><span style=\"color: initial;\">Coordinar y supervisar en campo las compras y servicios locales gestionados para el proyecto, bajo supervisi\u00f3n de la coordinadora local.\u00a0<\/span><\/li>\n\n\n\n<li><span style=\"color: initial;\">Realizar el seguimiento de las \u00f3rdenes de compra (bienes y servicios), brindar las alertas correspondientes al equipo t\u00e9cnico del Programa y los proveedores para el cumplimiento en la entrega de los bienes o productos.\u00a0<\/span><\/li>\n\n\n\n<li><span style=\"color: initial;\">Promover un enfoque coherente y coordinado de igualdad de g\u00e9nero en el desarrollo de sus funciones.\u00a0<\/span><\/li>\n\n\n\n<li>Mantener y promover los m\u00e1s altos est\u00e1ndares de conducta \u00e9tica y profesional y cumplir con las pol\u00edticas de Protecci\u00f3n contra la Explotaci\u00f3n y el Abuso Sexual y Protecci\u00f3n a los Ni\u00f1os y Ni\u00f1as. <\/li>\n\n\n\n<li>Efectuar otras labores de apoyo indicadas por su supervisora inmediata, basado en sus funciones y competencias relacionadas al perfil.<\/li>\n<\/ul>\n\n\n\n<p class=\"has-text-align-center wp-block-paragraph\"><a href=\"https:\/\/redinfor.com.pe\/portal\/2019\/02\/20\/diseno-y-formulacion-de-proyectos-sociales\/\" target=\"_blank\" rel=\"noopener\"><img decoding=\"async\" src=\"https:\/\/www.redinfor.com.pe\/Avisos\/DFPS\/DFPS_advisor.jpg\"><\/a><\/p>\n\n\n\n<p class=\"wp-block-paragraph\"><strong>CONSIDERACIONES ADICIONALES:<\/strong> <strong>&nbsp;<\/strong>&nbsp;&nbsp;&nbsp;<\/p>\n\n\n\n<ul class=\"wp-block-list\">\n<li>Profesional en Administraci\u00f3n de Empresas, Contabilidad, Econom\u00eda y\/o afines.<\/li>\n\n\n\n<li><span style=\"color: initial;\">M\u00ednimo 3 a\u00f1os de experiencia en proyectos demostrada.\u00a0<\/span><\/li>\n\n\n\n<li><span style=\"color: initial;\">Conocimiento de manejo administrativo y contable.\u00a0<\/span><\/li>\n\n\n\n<li><span style=\"color: initial;\">Conocimiento y experiencia en manejo presupuestal.\u00a0<\/span><\/li>\n\n\n\n<li>Manejo de Paquete de Office a nivel intermedio o avanzado.\u00a0\u00a0<\/li>\n<\/ul>\n\n\n\n<p class=\"has-text-align-center wp-block-paragraph\" style=\"font-size:30px\"><strong><a href=\"https:\/\/drive.google.com\/file\/d\/1jip1K7khVhM1fhEov8HXtwjOz5lIBGkj\/view?usp=sharing\" target=\"_blank\" rel=\"noopener\">VER T\u00c9RMINOS DE REFERENCIA<\/a><\/strong><\/p>\n\n\n\n<p class=\"wp-block-paragraph\"><strong>BENEFICIOS<\/strong>:&nbsp;&nbsp;&nbsp;&nbsp;<\/p>\n\n\n\n<ul class=\"wp-block-list\">\n<li>Posici\u00f3n en Planilla con los Beneficios de Ley (Gratificaciones, CTS, Vacaciones, etc.).\u00a0\u00a0\u00a0\u00a0<\/li>\n\n\n\n<li><span style=\"color: initial;\">Seguro Vida Ley.\u00a0\u00a0\u00a0\u00a0<\/span><\/li>\n\n\n\n<li><span style=\"color: initial;\">Seguro EPS cubierto el 85% por la Instituci\u00f3n.\u00a0\u00a0\u00a0\u00a0<\/span><\/li>\n\n\n\n<li><span style=\"color: initial;\">D\u00eda de Cumplea\u00f1os: Descanso pagado.\u00a0\u00a0\u00a0\u00a0<\/span><\/li>\n\n\n\n<li><span style=\"color: initial;\">Aniversario CARE Per\u00fa: Descanso pagado.\u00a0\u00a0\u00a0\u00a0<\/span><\/li>\n\n\n\n<li>Otros beneficios adicionales.\u00a0\u00a0\u00a0\u00a0<\/li>\n<\/ul>\n\n\n\n<p class=\"wp-block-paragraph\">Las\/os interesadas\/os enviar su <strong>CV no documentado en formato PDF<\/strong> a <a href=\"mailto:rrhh@care.org.pe\">rrhh@care.org.pe<\/a> es importante en el ASUNTO se\u00f1alar el cargo al cu\u00e1l postula, se\u00f1alando en el Asunto: <strong>ASISTENTE ADMIN &#8211; MAES<\/strong>, fecha l\u00edmite hasta el <strong>07 de setiembre del 2026<\/strong>.&nbsp;&nbsp;&nbsp;<\/p>\n\n\n\n<p class=\"has-text-align-center wp-block-paragraph\"><a href=\"https:\/\/redinfor.com.pe\/portal\/2019\/04\/24\/fundraising-estrategias-de-captacion-de-fondos-para-ongds\/\" target=\"_blank\" rel=\"noopener\"><img decoding=\"async\" src=\" https:\/\/redinfor.com.pe\/Avisos\/ECF\/ECF_advisor_large.jpg \"><\/a><\/p>\n","protected":false},"excerpt":{"rendered":"<p>[PER\u00da] CONVOCATORIA DE ASISTENTE\/A ADMINISTRATIVO\/A &#8211; MEJORAMIENTO DEL APRENDIZAJE Y ACCESO A EDUCACI\u00d3N SUPERIOR OBJETIVO DE LA POSICI\u00d3N:\u00a0 \u00a0\u00a0\u00a0Brindar soporte en la gesti\u00f3n local del servicio \u201cMejoramiento del Aprendizaje y&hellip; <\/p>\n","protected":false},"author":1,"featured_media":19996,"comment_status":"closed","ping_status":"closed","sticky":false,"template":"","format":"standard","meta":{"footnotes":""},"categories":[406],"tags":[139,935,441,23,1035,426,650,5927,458,264,183,573,555,648,67,113,521],"class_list":["post-56038","post","type-post","status-publish","format-standard","has-post-thumbnail","hentry","category-convoca_pub","tag-administracion","tag-administrativa","tag-administrativo","tag-aprendizaje","tag-apurimac-2","tag-asistente","tag-care-peru","tag-challhuahuacho","tag-contabilidad","tag-economia","tag-educacion","tag-manejo","tag-mejoramiento","tag-presupuestal","tag-proyectos","tag-seguimiento","tag-superior"],"_links":{"self":[{"href":"https:\/\/redinfor.com.pe\/portal\/wp-json\/wp\/v2\/posts\/56038","targetHints":{"allow":["GET"]}}],"collection":[{"href":"https:\/\/redinfor.com.pe\/portal\/wp-json\/wp\/v2\/posts"}],"about":[{"href":"https:\/\/redinfor.com.pe\/portal\/wp-json\/wp\/v2\/types\/post"}],"author":[{"embeddable":true,"href":"https:\/\/redinfor.com.pe\/portal\/wp-json\/wp\/v2\/users\/1"}],"replies":[{"embeddable":true,"href":"https:\/\/redinfor.com.pe\/portal\/wp-json\/wp\/v2\/comments?post=56038"}],"version-history":[{"count":1,"href":"https:\/\/redinfor.com.pe\/portal\/wp-json\/wp\/v2\/posts\/56038\/revisions"}],"predecessor-version":[{"id":56039,"href":"https:\/\/redinfor.com.pe\/portal\/wp-json\/wp\/v2\/posts\/56038\/revisions\/56039"}],"wp:featuredmedia":[{"embeddable":true,"href":"https:\/\/redinfor.com.pe\/portal\/wp-json\/wp\/v2\/media\/19996"}],"wp:attachment":[{"href":"https:\/\/redinfor.com.pe\/portal\/wp-json\/wp\/v2\/media?parent=56038"}],"wp:term":[{"taxonomy":"category","embeddable":true,"href":"https:\/\/redinfor.com.pe\/portal\/wp-json\/wp\/v2\/categories?post=56038"},{"taxonomy":"post_tag","embeddable":true,"href":"https:\/\/redinfor.com.pe\/portal\/wp-json\/wp\/v2\/tags?post=56038"}],"curies":[{"name":"wp","href":"https:\/\/api.w.org\/{rel}","templated":true}]}}