{"id":56042,"date":"2026-09-03T18:46:18","date_gmt":"2026-09-03T23:46:18","guid":{"rendered":"https:\/\/redinfor.com.pe\/portal\/?p=56042"},"modified":"2026-09-03T18:46:21","modified_gmt":"2026-09-03T23:46:21","slug":"peru-convocatoria-administradora-de-oficina-cobertura-por-licencia-de-maternidad","status":"publish","type":"post","link":"https:\/\/redinfor.com.pe\/portal\/2026\/09\/03\/peru-convocatoria-administradora-de-oficina-cobertura-por-licencia-de-maternidad\/","title":{"rendered":"[PER\u00da] CONVOCATORIA ADMINISTRADORA DE OFICINA \u2013 COBERTURA POR LICENCIA DE MATERNIDAD"},"content":{"rendered":"\n<p class=\"has-text-align-center has-medium-font-size wp-block-paragraph\"><strong>[PER\u00da] CONVOCATORIA ADMINISTRADORA DE OFICINA \u2013 COBERTURA POR LICENCIA DE MATERNIDAD<\/strong><\/p>\n\n\n\n<p class=\"wp-block-paragraph\"><strong>SOBRE EL PUESTO\u00a0<\/strong><br>Se requiere cubrir de manera temporal el puesto de Administradora de la Oficina de Lima, en reemplazo de la titular durante su licencia de maternidad. La persona seleccionada reportar\u00e1 al Gerente de Finanzas y Servicios de Practical Action y ser\u00e1 responsable de la gesti\u00f3n administrativa, log\u00edstica, de pagos y de proveedores de las oficinas de Practical Action en Per\u00fa, brindando adem\u00e1s soporte administrativo a la Direcci\u00f3n Regional.<\/p>\n\n\n\n<p class=\"wp-block-paragraph\"><strong>PERFIL DEL CANDIDATO\/A<\/strong><br>Se requiere un profesional con las siguientes caracter\u00edsticas:<\/p>\n\n\n\n<p class=\"wp-block-paragraph\"><strong><em>Formaci\u00f3n:<\/em><\/strong><br>Profesional universitario o t\u00e9cnico en administraci\u00f3n o afines.<\/p>\n\n\n\n<p class=\"wp-block-paragraph\"><strong><em>Experiencia:&nbsp;<\/em><\/strong><\/p>\n\n\n\n<ul class=\"wp-block-list\">\n<li>Experiencia de alrededor de 4 a\u00f1os en el cargo de Administraci\u00f3n de oficina, log\u00edstica y gesti\u00f3n administrativa.<\/li>\n\n\n\n<li>Experiencia deseable supervisando o liderando personal de soporte administrativo o log\u00edstico.<\/li>\n\n\n\n<li>Experiencia deseable brindando soporte administrativo a operaciones multipa\u00eds o regionales.<\/li>\n\n\n\n<li>Experiencia deseable en organizaciones sin fines de lucro.<\/li>\n<\/ul>\n\n\n\n<p class=\"wp-block-paragraph\"><strong><em>Requisitos de la posici\u00f3n:<\/em><\/strong><\/p>\n\n\n\n<ul class=\"wp-block-list\">\n<li>Dominio de programas inform\u00e1ticos como Word, Excel, Power Point, software de contabilidad, entre otros.<\/li>\n\n\n\n<li>Conocimiento de tr\u00e1mites legales y notariales (vigencias de poder en SUNARP, legalizaciones, registro de firmas).<\/li>\n\n\n\n<li>Conocimientos de ingl\u00e9s a nivel intermedio (deseable)<\/li>\n\n\n\n<li>Conocimiento del programa Business Central de microsoft (deseable)<\/li>\n<\/ul>\n\n\n\n<p class=\"wp-block-paragraph\"><strong><em>Cualidades personales:<\/em><\/strong><\/p>\n\n\n\n<ul class=\"wp-block-list\">\n<li>Facilidad de comunicaci\u00f3n y capacidad para mantener buenas relaciones con distintas \u00e1reas de la organizaci\u00f3n y proveedores externos.<\/li>\n\n\n\n<li>Capacidad de organizaci\u00f3n y atenci\u00f3n al detalle para el manejo de plazos, cronogramas y documentaci\u00f3n diversa.<\/li>\n\n\n\n<li>Enfoque de trabajo flexible, proactivo y adaptable.<\/li>\n\n\n\n<li>Buena capacidad de comunicaci\u00f3n, redacci\u00f3n y an\u00e1lisis.<\/li>\n\n\n\n<li>Capacidad para gestionar m\u00faltiples prioridades e interlocutores (equipos internos, oficinas regionales, proveedores, donantes y autoridades) con autonom\u00eda.<\/li>\n\n\n\n<li>Discreci\u00f3n y manejo confidencial de informaci\u00f3n legal, financiera y de personal.<\/li>\n<\/ul>\n\n\n\n<p class=\"has-text-align-center wp-block-paragraph\"><a href=\"https:\/\/redinfor.com.pe\/portal\/2019\/04\/24\/fundraising-estrategias-de-captacion-de-fondos-para-ongds\/\" target=\"_blank\" rel=\"noopener\"><img decoding=\"async\" src=\" https:\/\/www.redinfor.com.pe\/Avisos\/ECF\/ECF_advisor.jpg \"><\/a><\/p>\n\n\n\n<p class=\"wp-block-paragraph\"><strong><em>Lugar de trabajo\u00a0<\/em><\/strong><br>San Isidro, Lima, Per\u00fa. Oficinas de Practical Action. Trabajo h\u00edbrido.<\/p>\n\n\n\n<p class=\"wp-block-paragraph\"><strong><em>Periodo de trabajo<\/em><\/strong><br>Contrato temporal por cobertura de licencia de maternidad, con una duraci\u00f3n estimada de 5 meses, sujeta a confirmaci\u00f3n seg\u00fan la fecha de inicio y t\u00e9rmino de la licencia de la titular del puesto.<\/p>\n\n\n\n<p class=\"wp-block-paragraph\"><strong><em>Beneficios&nbsp;<\/em><\/strong><\/p>\n\n\n\n<ul class=\"wp-block-list\">\n<li>Ser parte de una organizaci\u00f3n internacional que promueve el aprendizaje y el intercambio de experiencias entre los miembros de su staff a nivel global.\u00a0<\/li>\n\n\n\n<li>Contrato en planilla con todos los beneficios de ley (gratificaciones, CTS, vacaciones, seguro de vida y seguro m\u00e9dico privado).\u00a0<\/li>\n<\/ul>\n\n\n\n<p class=\"has-text-align-center wp-block-paragraph\" style=\"font-size:30px\"><strong><a href=\"https:\/\/drive.google.com\/file\/d\/1HCQvGKxNZwD733yN2DBH5Z9bR1P2mCsg\/view?usp=sharing\" target=\"_blank\" rel=\"noopener\">VER T\u00c9RMINOS DE REFERENCIA<\/a><\/strong><\/p>\n\n\n\n<p class=\"wp-block-paragraph\"><strong>C\u00d3MO POSTULAR<\/strong><br>Postula a trav\u00e9s del siguiente enlace: <strong><a href=\"https:\/\/tr.ee\/ExkPYl\" target=\"_blank\" rel=\"noopener\">https:\/\/tr.ee\/ExkPYl<\/a><\/strong><\/p>\n\n\n\n<p class=\"wp-block-paragraph\">La fecha l\u00edmite para la presentaci\u00f3n de candidaturas es el <strong>17 de setiembre del 2026.<\/strong><\/p>\n\n\n\n<p class=\"wp-block-paragraph\"><em>Tratamos todas las solicitudes de empleo en funci\u00f3n de sus m\u00e9ritos. Por lo tanto, no tenemos en cuenta ning\u00fan factor irrelevante para el puesto, como el sexo, la raza, la religi\u00f3n, el origen \u00e9tnico o nacional, la casta, la tribu, las creencias, la edad, el estado civil, el embarazo, las responsabilidades familiares, la orientaci\u00f3n sexual o la discapacidad.<\/em><\/p>\n\n\n\n<p class=\"wp-block-paragraph\"><em>Practical Action se compromete a salvaguardar y proteger a los ni\u00f1os y adultos vulnerables, por lo que los candidatos ser\u00e1n sometidos a controles previos a la contrataci\u00f3n, incluidos controles penales y de financiaci\u00f3n del terrorismo.<\/em> <em>Solo contactar\u00e1n a los candidatos preseleccionados para los siguientes pasos del proceso de selecci\u00f3n.&nbsp;<\/em><\/p>\n\n\n\n<p class=\"has-text-align-center wp-block-paragraph\"><a href=\"https:\/\/redinfor.com.pe\/portal\/2019\/02\/20\/diseno-y-formulacion-de-proyectos-sociales\/\" target=\"_blank\" rel=\"noopener\"><img decoding=\"async\" src=\"https:\/\/redinfor.com.pe\/Avisos\/DFPS\/DFPS_advisor_large.jpg\"><\/a><\/p>\n","protected":false},"excerpt":{"rendered":"<p>[PER\u00da] CONVOCATORIA ADMINISTRADORA DE OFICINA \u2013 COBERTURA POR LICENCIA DE MATERNIDAD SOBRE EL PUESTO\u00a0Se requiere cubrir de manera temporal el puesto de Administradora de la Oficina de Lima, en reemplazo&hellip; <\/p>\n","protected":false},"author":1,"featured_media":2715,"comment_status":"closed","ping_status":"closed","sticky":false,"template":"","format":"standard","meta":{"footnotes":""},"categories":[406],"tags":[139,607,441,323,3887,629,628,1980,575,964],"class_list":["post-56042","post","type-post","status-publish","format-standard","has-post-thumbnail","hentry","category-convoca_pub","tag-administracion","tag-administradora","tag-administrativo","tag-gestion","tag-licencia","tag-logistica","tag-logistico","tag-oficina","tag-practical-action","tag-soporte"],"_links":{"self":[{"href":"https:\/\/redinfor.com.pe\/portal\/wp-json\/wp\/v2\/posts\/56042","targetHints":{"allow":["GET"]}}],"collection":[{"href":"https:\/\/redinfor.com.pe\/portal\/wp-json\/wp\/v2\/posts"}],"about":[{"href":"https:\/\/redinfor.com.pe\/portal\/wp-json\/wp\/v2\/types\/post"}],"author":[{"embeddable":true,"href":"https:\/\/redinfor.com.pe\/portal\/wp-json\/wp\/v2\/users\/1"}],"replies":[{"embeddable":true,"href":"https:\/\/redinfor.com.pe\/portal\/wp-json\/wp\/v2\/comments?post=56042"}],"version-history":[{"count":1,"href":"https:\/\/redinfor.com.pe\/portal\/wp-json\/wp\/v2\/posts\/56042\/revisions"}],"predecessor-version":[{"id":56043,"href":"https:\/\/redinfor.com.pe\/portal\/wp-json\/wp\/v2\/posts\/56042\/revisions\/56043"}],"wp:featuredmedia":[{"embeddable":true,"href":"https:\/\/redinfor.com.pe\/portal\/wp-json\/wp\/v2\/media\/2715"}],"wp:attachment":[{"href":"https:\/\/redinfor.com.pe\/portal\/wp-json\/wp\/v2\/media?parent=56042"}],"wp:term":[{"taxonomy":"category","embeddable":true,"href":"https:\/\/redinfor.com.pe\/portal\/wp-json\/wp\/v2\/categories?post=56042"},{"taxonomy":"post_tag","embeddable":true,"href":"https:\/\/redinfor.com.pe\/portal\/wp-json\/wp\/v2\/tags?post=56042"}],"curies":[{"name":"wp","href":"https:\/\/api.w.org\/{rel}","templated":true}]}}