{"id":56046,"date":"2026-09-03T20:33:09","date_gmt":"2026-09-04T01:33:09","guid":{"rendered":"https:\/\/redinfor.com.pe\/portal\/?p=56046"},"modified":"2026-09-03T20:33:11","modified_gmt":"2026-09-04T01:33:11","slug":"peru-consultoria-fortalecimiento-de-capacidades-de-comunicadores-as-para-la-generacion-de-opinion-favorable-a-la-integracion-social-y-los-derechos-humanos-lima-peru","status":"publish","type":"post","link":"https:\/\/redinfor.com.pe\/portal\/2026\/09\/03\/peru-consultoria-fortalecimiento-de-capacidades-de-comunicadores-as-para-la-generacion-de-opinion-favorable-a-la-integracion-social-y-los-derechos-humanos-lima-peru\/","title":{"rendered":"[PER\u00da] CONSULTOR\u00cdA FORTALECIMIENTO DE CAPACIDADES DE COMUNICADORES\/AS PARA LA GENERACI\u00d3N DE OPINI\u00d3N FAVORABLE A LA INTEGRACI\u00d3N SOCIAL Y LOS DERECHOS HUMANOS &#8211; LIMA \u2013 PER\u00da"},"content":{"rendered":"\n<p class=\"has-text-align-center wp-block-paragraph\"><strong>[PER\u00da] CONSULTOR\u00cdA FORTALECIMIENTO DE CAPACIDADES DE COMUNICADORES\/AS PARA LA GENERACI\u00d3N DE OPINI\u00d3N FAVORABLE A LA INTEGRACI\u00d3N SOCIAL Y LOS DERECHOS HUMANOS &#8211; LIMA \u2013 PER\u00da<\/strong><\/p>\n\n\n\n<p class=\"wp-block-paragraph\"><strong><u>OBJETO DE LA CONTRATACI\u00d3N<\/u><\/strong><br>Fortalecer las capacidades t\u00e9cnicas y narrativas de comunicadores\/as de medios de comunicaci\u00f3n, periodistas, entidades p\u00fablicas, empresas privadas y organizaciones sociales en Per\u00fa para fomentar una comunicaci\u00f3n \u00e9tica y responsable que promueva la construcci\u00f3n de contenidos con enfoque de derechos, prevenci\u00f3n de la xenofobia e integraci\u00f3n social de grupos vulnerables y en movilidad humana,\u00a0 incorporando herramientas digitales y pr\u00e1cticas de incidencia\u00a0 innovadoras.<\/p>\n\n\n\n<p class=\"wp-block-paragraph\"><strong><u>Objetivos espec\u00edficos<\/u><\/strong><\/p>\n\n\n\n<ul class=\"wp-block-list\">\n<li>Dise\u00f1ar y ejecutar una formaci\u00f3n virtual con el objetivo de fortalecer las capacidades de periodistas en Per\u00fa para promover una comunicaci\u00f3n medi\u00e1tica \u00e9tica y responsable.<\/li>\n\n\n\n<li>Brindar herramientas narrativas y metodol\u00f3gicas que permitan producir contenidos period\u00edsticos e institucionales con un enfoque \u00e9tico, inclusivo y centrado en las personas<\/li>\n\n\n\n<li>Formar con conocimientos b\u00e1sicos de derechos humanos e integraci\u00f3n de los grupos m\u00e1s vulnerables con un enfoque de g\u00e9nero y personas LGBTIQ+, ni\u00f1ez y adolescencia y movilidad humana, incluido el conocimiento de los t\u00e9rminos jur\u00eddicos m\u00e1s importantes en este \u00e1mbito y su uso correcto.<\/li>\n\n\n\n<li>Sensibilizar a los y las comunicadoras del considerable impacto que pueden ejercer los medios de comunicaci\u00f3n en la opini\u00f3n p\u00fablica de determinados grupos vulnerables o afectados por la discriminaci\u00f3n tanto como visibilizar los principales desaf\u00edos de la cobertura medi\u00e1tica en relaci\u00f3n con estos temas.<\/li>\n\n\n\n<li>Identificar y aplicar buenas pr\u00e1cticas y herramientas de innovaci\u00f3npara una comunicaci\u00f3n equilibrada y \u00e9tica.<\/li>\n\n\n\n<li>Poner en pr\u00e1ctica los conocimientos adquiridos a trav\u00e9s de productos comunicacionales que visibilicen experiencias de integraci\u00f3n, convivencia y transformaci\u00f3n social.<\/li>\n<\/ul>\n\n\n\n<p class=\"wp-block-paragraph\"><strong><u>CONOCIMIENTOS Y EXPERIENCIA<\/u><\/strong><br>La consultor\u00eda se sugiere sea realizada por una persona natural o jur\u00eddica, ya sea nacional o extranjera cuyas operaciones sean en Per\u00fa y ser\u00e1 seleccionada posterior a un proceso de concurso, despu\u00e9s de que se haya divulgado los T\u00e9rminos de Referencia por medios institucionales digitales.<\/p>\n\n\n\n<p class=\"wp-block-paragraph\">En ambos casos, deber\u00e1n adjuntar los soportes que permitan verificar el cumplimiento del perfil requerido. Los consultores deber\u00e1n tener amplios conocimientos en la tem\u00e1tica objeto de la contrataci\u00f3n.<\/p>\n\n\n\n<p class=\"has-text-align-center wp-block-paragraph\"><a href=\"https:\/\/www.patreon.com\/collection\/1613232\" target=\"_blank\" rel=\"noopener\"><img decoding=\"async\" src=\" https:\/\/redinfor.com.pe\/Avisos\/PATREON\/COM_advisor.jpg \"><\/a><\/p>\n\n\n\n<p class=\"wp-block-paragraph\"><strong>REQUISITOS<\/strong><\/p>\n\n\n\n<ul class=\"wp-block-list\">\n<li>Experticia en desarrollo de talleres o formaci\u00f3n de comunicaci\u00f3n para comunicadores o periodistas.<\/li>\n\n\n\n<li>Grado en comunicaci\u00f3n, periodismo, marketing o publicidad: Esencial para comprender los principios y t\u00e9cnicas de comunicaci\u00f3n efectiva, especialmente en el contexto de los medios.<\/li>\n\n\n\n<li>Experiencia de al menos 3 a\u00f1os en: comunicaci\u00f3n estrat\u00e9gica, comunicaci\u00f3n para el desarrollo y\/o migraci\u00f3n\/derechos humanos\/igualdad de g\u00e9nero.<\/li>\n\n\n\n<li>Conocimiento y manejo de estrategias pedag\u00f3gicas.<\/li>\n\n\n\n<li>Actitud positiva y propositiva para lograr participaci\u00f3n efectiva y activa.<\/li>\n\n\n\n<li>Manejo de enfoque de g\u00e9nero e intercultural.<\/li>\n<\/ul>\n\n\n\n<p class=\"wp-block-paragraph\"><strong>Competencias Blandas:<\/strong><\/p>\n\n\n\n<ul class=\"wp-block-list\">\n<li>Facilidad de palabra, buen trato, comunicaci\u00f3n asertiva y escucha activa.<\/li>\n\n\n\n<li>Capacidad de organizaci\u00f3n y planificaci\u00f3n.<\/li>\n\n\n\n<li>Responsabilidad y puntualidad.<\/li>\n\n\n\n<li>Capacidad de soluci\u00f3n de problemas.<\/li>\n\n\n\n<li>Manejo de office a nivel intermedio.<\/li>\n<\/ul>\n\n\n\n<p class=\"has-text-align-center wp-block-paragraph\" style=\"font-size:30px\"><strong><a href=\"https:\/\/empleoayudaenaccion.talentclue.com\/node\/128114216\/12623479\" target=\"_blank\" rel=\"noopener\">VER T\u00c9RMINOS DE REFERENCIA Y POSTULACIONES<\/a><\/strong><\/p>\n\n\n\n<p class=\"wp-block-paragraph\"><strong><u>PRESENTACI\u00d3N DE OFERTAS<\/u><\/strong><br>Las propuestas t\u00e9cnicas y econ\u00f3micas deben adjuntarse en el momento de inscripci\u00f3n, al final del formulario pueden encontrar el apartado \u00abDOCUMENTOS &#8211; A\u00f1adir m\u00e1s archivos\u00bb, es importante a\u00f1adirlos para ser tomados en cuenta en el proceso.<\/p>\n\n\n\n<p class=\"wp-block-paragraph\">En caso de tener dudas o consultas pueden escribir a los siguientes correos: <a href=\"mailto:jlgalvez@ayudaenaccion.org\">jlgalvez@ayudaenaccion.org<\/a>, <a href=\"mailto:awmontes@ayudaenaccion.org\">awmontes@ayudaenaccion.org<\/a> y <a href=\"mailto:mmalvas@ayudaenaccion.org\">mmalvas@ayudaenaccion.org<\/a><\/p>\n\n\n\n<p class=\"wp-block-paragraph\"><strong>Fecha l\u00edmite de presentaci\u00f3n de consultas: 13 de Setiembre de 2026.<\/strong><\/p>\n\n\n\n<p class=\"has-text-align-center wp-block-paragraph\"><a href=\"https:\/\/www.patreon.com\/collection\/1806796\" target=\"_blank\" rel=\"noopener\"><img decoding=\"async\" src=\" https:\/\/redinfor.com.pe\/Avisos\/PATREON\/PPUB_advisor_large.jpg \"><\/a><\/p>\n","protected":false},"excerpt":{"rendered":"<p>[PER\u00da] CONSULTOR\u00cdA FORTALECIMIENTO DE CAPACIDADES DE COMUNICADORES\/AS PARA LA GENERACI\u00d3N DE OPINI\u00d3N FAVORABLE A LA INTEGRACI\u00d3N SOCIAL Y LOS DERECHOS HUMANOS &#8211; LIMA \u2013 PER\u00da OBJETO DE LA CONTRATACI\u00d3NFortalecer las&hellip; <\/p>\n","protected":false},"author":1,"featured_media":50236,"comment_status":"closed","ping_status":"closed","sticky":false,"template":"","format":"standard","meta":{"footnotes":""},"categories":[406],"tags":[511,398,437,2862,1236,3149,198,592,53,315,311,1237,105],"class_list":["post-56046","post","type-post","status-publish","format-standard","has-post-thumbnail","hentry","category-convoca_pub","tag-ayuda-en-accion","tag-capacidades","tag-comunicacion","tag-comunicadoras","tag-comunicadores","tag-consultoria-2","tag-derechos","tag-fortalecimiento","tag-genero","tag-humanos","tag-integracion","tag-periodistas","tag-social"],"_links":{"self":[{"href":"https:\/\/redinfor.com.pe\/portal\/wp-json\/wp\/v2\/posts\/56046","targetHints":{"allow":["GET"]}}],"collection":[{"href":"https:\/\/redinfor.com.pe\/portal\/wp-json\/wp\/v2\/posts"}],"about":[{"href":"https:\/\/redinfor.com.pe\/portal\/wp-json\/wp\/v2\/types\/post"}],"author":[{"embeddable":true,"href":"https:\/\/redinfor.com.pe\/portal\/wp-json\/wp\/v2\/users\/1"}],"replies":[{"embeddable":true,"href":"https:\/\/redinfor.com.pe\/portal\/wp-json\/wp\/v2\/comments?post=56046"}],"version-history":[{"count":1,"href":"https:\/\/redinfor.com.pe\/portal\/wp-json\/wp\/v2\/posts\/56046\/revisions"}],"predecessor-version":[{"id":56047,"href":"https:\/\/redinfor.com.pe\/portal\/wp-json\/wp\/v2\/posts\/56046\/revisions\/56047"}],"wp:featuredmedia":[{"embeddable":true,"href":"https:\/\/redinfor.com.pe\/portal\/wp-json\/wp\/v2\/media\/50236"}],"wp:attachment":[{"href":"https:\/\/redinfor.com.pe\/portal\/wp-json\/wp\/v2\/media?parent=56046"}],"wp:term":[{"taxonomy":"category","embeddable":true,"href":"https:\/\/redinfor.com.pe\/portal\/wp-json\/wp\/v2\/categories?post=56046"},{"taxonomy":"post_tag","embeddable":true,"href":"https:\/\/redinfor.com.pe\/portal\/wp-json\/wp\/v2\/tags?post=56046"}],"curies":[{"name":"wp","href":"https:\/\/api.w.org\/{rel}","templated":true}]}}