{"id":56054,"date":"2026-09-04T21:04:58","date_gmt":"2026-09-05T02:04:58","guid":{"rendered":"https:\/\/redinfor.com.pe\/portal\/?p=56054"},"modified":"2026-09-04T21:05:00","modified_gmt":"2026-09-05T02:05:00","slug":"peru-convocatoria-de-especialista-para-asistencia-tecnica-a-beneficiarias-de-asociacion-de-biohuertos-flotantes-victoria-regia-del-distrito-de-belen-en-la-ciudad-de-iquitos-proy","status":"publish","type":"post","link":"https:\/\/redinfor.com.pe\/portal\/2026\/09\/04\/peru-convocatoria-de-especialista-para-asistencia-tecnica-a-beneficiarias-de-asociacion-de-biohuertos-flotantes-victoria-regia-del-distrito-de-belen-en-la-ciudad-de-iquitos-proy\/","title":{"rendered":"[PER\u00da] CONVOCATORIA DE ESPECIALISTA PARA ASISTENCIA T\u00c9CNICA A BENEFICIARIAS DE ASOCIACI\u00d3N DE BIOHUERTOS FLOTANTES \u201cVICTORIA REGIA\u201d, DEL DISTRITO DE BELEN EN LA CIUDAD DE IQUITOS &#8211; PROYECTO \u201cGUARDIANAS DEL CAMBIO\u00bb"},"content":{"rendered":"\n<p class=\"has-text-align-center has-medium-font-size wp-block-paragraph\"><strong>[PER\u00da] CONVOCATORIA DE ESPECIALISTA PARA ASISTENCIA T\u00c9CNICA A BENEFICIARIAS DE ASOCIACI\u00d3N DE BIOHUERTOS FLOTANTES \u201cVICTORIA REGIA\u201d, DEL DISTRITO DE BELEN EN LA CIUDAD DE IQUITOS &#8211; PROYECTO \u201cGUARDIANAS DEL CAMBIO\u00bb<\/strong><\/p>\n\n\n\n<p class=\"wp-block-paragraph\"><strong>OBJETIVO DE LA CONSULTOR\u00cdA<\/strong><br>Brindar asistencia t\u00e9cnica en pr\u00e1cticas de agricultura ecol\u00f3gica sostenibles a las beneficiarias de los biohuertos flotantes de la asociaci\u00f3n Victoria Regia en el distrito de Belen en la ciudad de Iquitos, con la finalidad de fortalecer sus capacidades en el manejo de cultivos (peque\u00f1os frutales hortalizas y plantas arom\u00e1ticas) e incrementar sus producci\u00f3n sostenible y resiliente.<\/p>\n\n\n\n<p class=\"wp-block-paragraph\"><strong>RESPONSABILIDADES<\/strong><br>Dise\u00f1ar e implementar 12 sesiones individuales Acompa\u00f1amiento y asesoramiento t\u00e9cnico para mejorar el manejo de los biohuertos flotantes y, 12 asistencias t\u00e9cnicas y talleres pr\u00e1cticos para el fortalecimiento de capacidades a cada una de las 10 integrantes de la Asociaci\u00f3n Victoria Regia.<\/p>\n\n\n\n<ul class=\"wp-block-list\">\n<li>Fomentar el respeto de los acuerdos y coordinaciones previamente establecidos con las 10 integrantes de la Asociaci\u00f3n Victoria Regia y los vecinos de la zona de intervenci\u00f3n.<\/li>\n\n\n\n<li>Desarrollo de un informe del avance por seg\u00fan el cronograma de presentaci\u00f3n de productos, detallando las avances, logros, dificultades y medios de verificaci\u00f3n por cada actividad desarrolladas.<\/li>\n\n\n\n<li>Garantizar la estricta aplicaci\u00f3n del Reglamento Interno del Programa y pol\u00edticas de HI durante el desarrollo de sus actividades.<\/li>\n\n\n\n<li>Asegurar que las actividades realizadas cumplan las normas y est\u00e1ndares t\u00e9cnicos nacionales e internacionales humanitarios sobre g\u00e9nero e inclusi\u00f3n.<\/li>\n\n\n\n<li>Ajustar sus actividades a las recomendaciones del jefe de Proyecto, Oficial de Proyecto y Especialistas t\u00e9cnicos regionales de HI.<\/li>\n<\/ul>\n\n\n\n<p class=\"wp-block-paragraph\"><strong>PERFIL REQUERIDO<\/strong><\/p>\n\n\n\n<ul class=\"wp-block-list\">\n<li>Titulado en Ingenier\u00eda agron\u00f3mica, agropecuaria, agroindustrial, ambiental o forestal.<\/li>\n\n\n\n<li>Al menos 5 a\u00f1os de experiencia en implementaci\u00f3n de pr\u00e1cticas de agricultura sostenible, agrobiodiversidad, agricultura familiar con enfoque integral e inclusivo.<\/li>\n\n\n\n<li>Experiencia en implementaci\u00f3n de proyectos en articulaci\u00f3n con actores locales (instituciones p\u00fablicas, privadas, ONGs, academia).<\/li>\n\n\n\n<li>Conocimiento sobre gesti\u00f3n ambiental y adaptaci\u00f3n al cambio clim\u00e1tico.<\/li>\n\n\n\n<li>Experiencia en implementaci\u00f3n de proyectos ambientales en la selva peruana, de preferencia en la regi\u00f3n Loreto.<\/li>\n\n\n\n<li>Deseable conocimiento y experiencia sobre el enfoque de inclusi\u00f3n a personas con discapacidad \/ protecci\u00f3n social.<\/li>\n\n\n\n<li>Pragmatismo, capacidad de adaptaci\u00f3n con agilidad.<\/li>\n\n\n\n<li>Comunicaci\u00f3n asertiva, oportuna, clara, concreta y transparente.<\/li>\n\n\n\n<li>Disponibilidad para laborar en el distrito de Belen, regi\u00f3n Loreto.<\/li>\n<\/ul>\n\n\n\n<p class=\"has-text-align-center wp-block-paragraph\"><a href=\"https:\/\/redinfor.com.pe\/portal\/2019\/02\/20\/diseno-y-formulacion-de-proyectos-sociales\/\" target=\"_blank\" rel=\"noopener\"><img decoding=\"async\" src=\"https:\/\/www.redinfor.com.pe\/Avisos\/DFPS\/DFPS_advisor.jpg\"><\/a><\/p>\n\n\n\n<p class=\"wp-block-paragraph\"><strong>INFORMACI\u00d3N DE LA CONTRATACI\u00d3N&nbsp;<\/strong><\/p>\n\n\n\n<p class=\"wp-block-paragraph\"><strong>Tipo de contrato:<\/strong> Consultor\u00eda de servicios, mismo que debe incluir el dise\u00f1o e implementaci\u00f3n integral de 12 sesiones individuales de acompa\u00f1amiento t\u00e9cnico y asesoramiento que garantice el buen manejo de los biohuertos flotantes y, el dise\u00f1o e implementaci\u00f3n de 12 asistencias t\u00e9cnicas y talleres pr\u00e1cticos para el fortalecimiento de capacidades a las integrantes de la Asociaci\u00f3n Victoria Regia; siguiendo las directivas y pol\u00edticas de HI.<br><strong>Duraci\u00f3n:<\/strong> 90 d\u00edas<br><strong>Plazo de contrataci\u00f3n:<\/strong> desde el 18 de septiembre hasta el 18 de diciembre de 2026<br><strong>N\u00b0 de vacantes:<\/strong> 1<br><strong>Ubicaci\u00f3n:<\/strong> Belen, Iquitos &#8211; Per\u00fa<br><strong>Costo total de la consultor\u00eda:<\/strong> S\/10,500.00 (nueve mil y 00\/100 soles) a todo costo, por todo el tiempo de duraci\u00f3n del servicio<br><strong>Fecha de inicio:<\/strong> 18 de septiembre de 2026<\/p>\n\n\n\n<p class=\"has-text-align-center wp-block-paragraph\" style=\"font-size:30px\"><strong><a href=\"https:\/\/drive.google.com\/file\/d\/1dwRQLLUuWyz4m6M0PIajIkJTGdC4V7RH\/view?usp=sharing\" target=\"_blank\" rel=\"noopener\">VER T\u00c9RMINOS DE REFERENCIA<\/a><\/strong><\/p>\n\n\n\n<p class=\"wp-block-paragraph\"><strong>COMO POSTULAR\u00a0<\/strong><br>EL\/La consultor\/a interesado\/a y que cumplan con los requisitos deber\u00e1n enviar la siguiente informaci\u00f3n:<\/p>\n\n\n\n<ul class=\"wp-block-list\">\n<li>Curr\u00edculo Vitae del postulante.<\/li>\n\n\n\n<li>Propuesta t\u00e9cnica \u2013 econ\u00f3mica<\/li>\n\n\n\n<li>Ficha RUC<\/li>\n<\/ul>\n\n\n\n<p class=\"wp-block-paragraph\"><strong>Consultas y dudas t\u00e9cnicas<\/strong>:<strong>\u00a0\u00a0 04 y 06 de septiembre de 2026<\/strong><br><strong>*Las consultas y dudas deber\u00e1n ser env\u00edas al correo<\/strong> <a href=\"mailto:licitaciones@peru.hi.org\"><strong>licitaciones@peru.hi.org<\/strong><\/a><strong>, indicando en el asunto del mensaje \u201cConsultas Biohuertos\u201d, estas ser\u00e1n respondidas el 07 de septiembre de 2026<\/strong><\/p>\n\n\n\n<p class=\"wp-block-paragraph\"><strong>Fecha y hora m\u00e1xima para env\u00edo o entrega de los documentos para la postulaci\u00f3n: 13 de septiembre de 2026 hasta las 23.59hr (hora de Lima)<\/strong><br><strong>Al correo:<\/strong> <a href=\"mailto:licitaciones@peru.hi.org\"><strong>licitaciones@peru.hi.org<\/strong><\/a><br><strong>Asunto: Biohuertos Belen<\/strong><\/p>\n\n\n\n<p class=\"has-text-align-center wp-block-paragraph\"><a href=\"https:\/\/redinfor.com.pe\/portal\/2019\/04\/24\/metodologias-de-capacitacion-para-poblaciones-rurales\/\" target=\"_blank\" rel=\"noopener\"><img decoding=\"async\" src=\" https:\/\/redinfor.com.pe\/Avisos\/MCPR\/MCPR_advisor_large.jpg \"><\/a><\/p>\n","protected":false},"excerpt":{"rendered":"<p>[PER\u00da] CONVOCATORIA DE ESPECIALISTA PARA ASISTENCIA T\u00c9CNICA A BENEFICIARIAS DE ASOCIACI\u00d3N DE BIOHUERTOS FLOTANTES \u201cVICTORIA REGIA\u201d, DEL DISTRITO DE BELEN EN LA CIUDAD DE IQUITOS &#8211; PROYECTO \u201cGUARDIANAS DEL CAMBIO\u00bb&hellip; <\/p>\n","protected":false},"author":1,"featured_media":9324,"comment_status":"closed","ping_status":"closed","sticky":false,"template":"","format":"standard","meta":{"footnotes":""},"categories":[406],"tags":[138,1170,42,4039,4956,865,3742,423,455,1899,621,2348,40,1876,427,5939,1936,323,5148,1753,1099,4990,456,425,517,808,5940,67,563,4145],"class_list":["post-56054","post","type-post","status-publish","format-standard","has-post-thumbnail","hentry","category-convoca_pub","tag-acompanamiento","tag-adaptacion","tag-agricultura","tag-agrobiodiversidad","tag-agronoma","tag-agronomia","tag-agronomica","tag-agronomo","tag-ambiental","tag-asesoramiento","tag-asistencia","tag-biohuertos","tag-cambio-climatico","tag-ecologica","tag-especialista","tag-flotantes","tag-frutales","tag-gestion","tag-guardianas-del-cambio","tag-hortalizas","tag-humanity-inclusion","tag-ingeniera","tag-ingenieria","tag-ingeniero","tag-iquitos","tag-loreto","tag-plantas-aromaticas","tag-proyectos","tag-tecnica","tag-unalm"],"_links":{"self":[{"href":"https:\/\/redinfor.com.pe\/portal\/wp-json\/wp\/v2\/posts\/56054","targetHints":{"allow":["GET"]}}],"collection":[{"href":"https:\/\/redinfor.com.pe\/portal\/wp-json\/wp\/v2\/posts"}],"about":[{"href":"https:\/\/redinfor.com.pe\/portal\/wp-json\/wp\/v2\/types\/post"}],"author":[{"embeddable":true,"href":"https:\/\/redinfor.com.pe\/portal\/wp-json\/wp\/v2\/users\/1"}],"replies":[{"embeddable":true,"href":"https:\/\/redinfor.com.pe\/portal\/wp-json\/wp\/v2\/comments?post=56054"}],"version-history":[{"count":1,"href":"https:\/\/redinfor.com.pe\/portal\/wp-json\/wp\/v2\/posts\/56054\/revisions"}],"predecessor-version":[{"id":56055,"href":"https:\/\/redinfor.com.pe\/portal\/wp-json\/wp\/v2\/posts\/56054\/revisions\/56055"}],"wp:featuredmedia":[{"embeddable":true,"href":"https:\/\/redinfor.com.pe\/portal\/wp-json\/wp\/v2\/media\/9324"}],"wp:attachment":[{"href":"https:\/\/redinfor.com.pe\/portal\/wp-json\/wp\/v2\/media?parent=56054"}],"wp:term":[{"taxonomy":"category","embeddable":true,"href":"https:\/\/redinfor.com.pe\/portal\/wp-json\/wp\/v2\/categories?post=56054"},{"taxonomy":"post_tag","embeddable":true,"href":"https:\/\/redinfor.com.pe\/portal\/wp-json\/wp\/v2\/tags?post=56054"}],"curies":[{"name":"wp","href":"https:\/\/api.w.org\/{rel}","templated":true}]}}